{"id":1006,"date":"2023-07-23T16:02:22","date_gmt":"2023-07-23T19:02:22","guid":{"rendered":"https:\/\/blog.institutoparmagnetico.com.br\/?p=1006"},"modified":"2023-07-23T16:02:22","modified_gmt":"2023-07-23T19:02:22","slug":"importancia-da-formacao-em-bases-de-saude-para-terapeutas","status":"publish","type":"post","link":"https:\/\/blog.institutoparmagnetico.com.br\/?p=1006","title":{"rendered":"Import\u00e2ncia da Forma\u00e7\u00e3o em bases de sa\u00fade para Terapeutas"},"content":{"rendered":"<p><em>Por: Dra. Ana Cristina <\/em><\/p>\n<p><em>21\/07\/2023<\/p>\n<p><\/em><\/p>\n<p>Nos \u00faltimos anos, as Pr\u00e1ticas Integrativas e Complementares em Sa\u00fade (PICS) t\u00eam ganhado espa\u00e7o e reconhecimento no cen\u00e1rio da sa\u00fade, tanto no setor p\u00fablico quanto no privado. Essas abordagens terap\u00eauticas hol\u00edsticas e complementares oferecem um olhar mais amplo sobre o cuidado ao paciente, valorizando a integralidade do ser humano. Uma caracter\u00edstica marcante das PICS \u00e9 a possibilidade de terapeutas n\u00e3o formados em sa\u00fade atuarem nesse campo. Por\u00e9m, para que essa atua\u00e7\u00e3o seja eficiente e segura, \u00e9 fundamental que esses profissionais busquem uma forma\u00e7\u00e3o s\u00f3lida nas bases e fundamentos da \u00e1rea da sa\u00fade<\/p>\n<p>A atua\u00e7\u00e3o de terapeutas n\u00e3o formados em sa\u00fade nas Pr\u00e1ticas Integrativas e Complementares \u00e9 uma perspectiva valiosa e complementar ao cuidado em sa\u00fade. Esses profissionais trazem consigo conhecimentos e experi\u00eancias de outras \u00e1reas, o que pode enriquecer o atendimento ao paciente e estimular uma vis\u00e3o mais abrangente do processo da sa\u00fade\/doen\u00e7a.<\/p>\n<p>Entretanto, \u00e9 importante ressaltar que a aus\u00eancia de forma\u00e7\u00e3o em sa\u00fade n\u00e3o os isenta da responsabilidade de compreenderem os princ\u00edpios biol\u00f3gicos, fisiol\u00f3gicos e \u00e9ticos que envolvem a sa\u00fade e a doen\u00e7a. Para garantir uma atua\u00e7\u00e3o \u00e9tica, segura e eficaz, \u00e9 imprescind\u00edvel que esses terapeutas busquem uma capacita\u00e7\u00e3o espec\u00edfica para a pr\u00e1tica das PICS.<\/p>\n<p>Escolas de forma\u00e7\u00e3o em cursos livres, gradua\u00e7\u00e3o e p\u00f3s-gradua\u00e7\u00e3o tem surgido para atender esta necessidade de forma\u00e7\u00e3o. Instituto Par Magn\u00e9tico (IPM) \u00e9 uma destas escolas e hoje vamos conversar com sua diretora Adriane Viapiana Bossa.<\/p>\n<p><strong><em>Acompanhe a entrevista na integra:<\/em><\/strong><\/p>\n<p><strong>Dra. Ana Cristina:<\/strong> Ol\u00e1, Adriane! \u00c9 um prazer conversar com voc\u00ea hoje. Para come\u00e7ar, gostaria que voc\u00ea nos contasse um pouco sobre o Instituto Par Magn\u00e9tico (IPM) e sua atua\u00e7\u00e3o na \u00e1rea das Pr\u00e1ticas Integrativas e Complementares Magn\u00e9ticas (PICMAG).<\/p>\n<p><strong>Adriane Viapiana Bossa:<\/strong> Ol\u00e1! O prazer \u00e9 todo meu em estar aqui. O Instituto Par Magn\u00e9tico \u00e9 uma escola de forma\u00e7\u00e3o de profissionais em Pr\u00e1ticas Integrativas e Complementares Magn\u00e9ticas. Nossa miss\u00e3o \u00e9 promover uma capacita\u00e7\u00e3o s\u00f3lida e embasada cientificamente para terapeutas interessados em atuar nesse campo promissor e inovador das PICMAG.<\/p>\n<p><strong>Dra. Ana Cristina:<\/strong> Que interessante! Poderia nos falar mais sobre as PICMAG e como elas se encaixam nas Pr\u00e1ticas Integrativas e Complementares (PICs) em sa\u00fade?<\/p>\n<p><strong>Adriane Viapiana Bossa:<\/strong> Claro! As PICMAG s\u00e3o um conjunto de abordagens terap\u00eauticas que utilizam campos magn\u00e9ticos para promover o equil\u00edbrio e a harmoniza\u00e7\u00e3o do corpo humano. Essas pr\u00e1ticas se encaixam perfeitamente nas necessidades de quem busca uma vis\u00e3o integrada do cuidado em sa\u00fade, valorizando o indiv\u00edduo em sua totalidade f\u00edsica, mental, emocional e espiritual.<\/p>\n<p><strong>Entrevistador:<\/strong> Entendi. E como o IPM contribui para a forma\u00e7\u00e3o de terapeutas nessa \u00e1rea?<\/p>\n<p><strong>Adriane Viapiana Bossa:<\/strong> O IPM oferece cursos de forma\u00e7\u00e3o livre e de P\u00f3s-gradua\u00e7\u00e3o na \u00e1rea das PICs. Nossos cursos s\u00e3o projetados para capacitar terapeutas, independentemente de sua forma\u00e7\u00e3o pr\u00e9via, a compreenderem os conceitos fundamentais da \u00e1rea da sa\u00fade, essenciais para uma atua\u00e7\u00e3o respons\u00e1vel e eficiente nas PICs.<\/p>\n<p><strong>Dra. Ana Cristina:<\/strong> Isso \u00e9 muito importante! Com o aumento da demanda por abordagens terap\u00eauticas complementares, a forma\u00e7\u00e3o s\u00f3lida \u00e9 fundamental. Como voc\u00ea enxerga o papel dos terapeutas n\u00e3o formados em sa\u00fade na atua\u00e7\u00e3o com as PICs?<\/p>\n<p><strong>Adriane Viapiana Bossa:<\/strong> Os terapeutas n\u00e3o formados em sa\u00fade trazem consigo conhecimentos e experi\u00eancias de outras \u00e1reas, o que pode enriquecer o atendimento ao paciente e estimular uma vis\u00e3o mais abrangente do processo de terap\u00eautico. No entanto, \u00e9 importante ressaltar que a aus\u00eancia de forma\u00e7\u00e3o em sa\u00fade n\u00e3o os isenta da responsabilidade de compreenderem os princ\u00edpios biol\u00f3gicos, fisiol\u00f3gicos e \u00e9ticos que envolvem a sa\u00fade e a doen\u00e7a.<\/p>\n<p><strong>Dra. Ana Cristina:<\/strong> Com certeza, a responsabilidade \u00e9 um ponto fundamental. E qual o diferencial do curso do IPM em rela\u00e7\u00e3o a outras forma\u00e7\u00f5es dispon\u00edveis no mercado?<\/p>\n<p><strong>Adriane Viapiana Bossa:<\/strong> Os cursos do IPM oferecem uma abordagem abrangente e integrada, contemplando desde os conceitos b\u00e1sicos da sa\u00fade at\u00e9 a aplica\u00e7\u00e3o pr\u00e1tica das PICMAG. Al\u00e9m disso, nossa equipe de professores \u00e9 altamente qualificada e experiente, proporcionando aos alunos um aprendizado s\u00f3lido e embasado cientificamente.<\/p>\n<p><strong>Dra. Ana Cristina:<\/strong> Fant\u00e1stico! Como profissionais e estudantes interessados podem se inscrever no curso do IPM?<\/p>\n<p><strong>Adriane Viapiana Bossa:<\/strong> As inscri\u00e7\u00f5es podem ser feitas diretamente em nosso site oficial, onde os interessados encontrar\u00e3o todas as informa\u00e7\u00f5es sobre os cursos, desde grade curricular, corpo docente e outros detalhes importantes.<\/p>\n<p><strong>Dra. Ana Cristina:<\/strong> Muito obrigado, Adriane, pelas informa\u00e7\u00f5es valiosas sobre o IPM e as PICMAG. Desejo muito sucesso ao Instituto em sua miss\u00e3o de formar terapeutas capacitados nesse campo t\u00e3o relevante e promissor.<\/p>\n<p><strong>Adriane Viapiana Bossa:<\/strong> Eu que agrade\u00e7o pela oportunidade de falar sobre o IPM e nossa atua\u00e7\u00e3o nas PICMAG. Espero que cada vez mais terapeutas possam se capacitar nesse campo e contribuir para uma abordagem terap\u00eautica mais completa e humanizada. Estamos sempre abertos para receber novos alunos interessados em crescer conosco.<\/p>\n<p><strong>Dra. Ana Cristina:<\/strong> Obrigado novamente! Com certeza, a forma\u00e7\u00e3o de terapeutas qualificados \u00e9 essencial para a expans\u00e3o e o reconhecimento das PICMAG. Fica o convite para que nossos leitores conhe\u00e7am mais sobre o Instituto Par Magn\u00e9tico e sua forma\u00e7\u00e3o de excel\u00eancia.<\/p>\n<p><strong>Adriane Viapiana Bossa:<\/strong> Isso mesmo! Ficaremos muito felizes em receb\u00ea-los em nossa escola. At\u00e9 breve!<\/p>\n<p>Como podemos concluir a forma\u00e7\u00e3o de terapeutas n\u00e3o formados em sa\u00fade nas bases e fundamentos da \u00e1rea da sa\u00fade traz benef\u00edcios significativos tanto para o setor p\u00fablico quanto para o privado. No setor p\u00fablico, esses profissionais podem atuar em programas de promo\u00e7\u00e3o da sa\u00fade, preven\u00e7\u00e3o de doen\u00e7as e no tratamento complementar de pacientes em unidades de sa\u00fade.<\/p>\n<p>No setor privado, a capacita\u00e7\u00e3o dos terapeutas em PICS aumenta a credibilidade e a seguran\u00e7a das pr\u00e1ticas terap\u00eauticas, atraindo mais pacientes que buscam abordagens integrativas e hol\u00edsticas. Al\u00e9m disso, a valoriza\u00e7\u00e3o da forma\u00e7\u00e3o em bases de sa\u00fade pode abrir novas oportunidades de atua\u00e7\u00e3o em cl\u00ednicas, spas, centros de bem-estar e outros estabelecimentos de sa\u00fade.<\/p>\n<p>A atua\u00e7\u00e3o de terapeutas n\u00e3o formados em sa\u00fade nas Pr\u00e1ticas Integrativas e Complementares \u00e9 uma perspectiva enriquecedora para o cuidado em sa\u00fade. No entanto, para que essa atua\u00e7\u00e3o seja respons\u00e1vel e eficaz, \u00e9 essencial que esses profissionais busquem uma forma\u00e7\u00e3o s\u00f3lida nas bases e fundamentos da \u00e1rea da sa\u00fade.<\/p>\n","protected":false},"excerpt":{"rendered":"<p>Por: Dra. Ana Cristina 21\/07\/2023 Nos \u00faltimos anos, as Pr\u00e1ticas Integrativas e Complementares em Sa\u00fade (PICS) t\u00eam ganhado espa\u00e7o e reconhecimento no cen\u00e1rio da sa\u00fade, tanto no setor p\u00fablico quanto&nbsp;[ &hellip; ]<\/p>\n","protected":false},"author":3,"featured_media":1007,"comment_status":"open","ping_status":"open","sticky":false,"template":"","format":"standard","meta":{"_exactmetrics_skip_tracking":false,"_exactmetrics_sitenote_active":false,"_exactmetrics_sitenote_note":"","_exactmetrics_sitenote_category":0,"footnotes":""},"categories":[1],"tags":[],"class_list":["post-1006","post","type-post","status-publish","format-standard","has-post-thumbnail","hentry","category-biomagnetismo","col-sm-6"],"_links":{"self":[{"href":"https:\/\/blog.institutoparmagnetico.com.br\/index.php?rest_route=\/wp\/v2\/posts\/1006","targetHints":{"allow":["GET"]}}],"collection":[{"href":"https:\/\/blog.institutoparmagnetico.com.br\/index.php?rest_route=\/wp\/v2\/posts"}],"about":[{"href":"https:\/\/blog.institutoparmagnetico.com.br\/index.php?rest_route=\/wp\/v2\/types\/post"}],"author":[{"embeddable":true,"href":"https:\/\/blog.institutoparmagnetico.com.br\/index.php?rest_route=\/wp\/v2\/users\/3"}],"replies":[{"embeddable":true,"href":"https:\/\/blog.institutoparmagnetico.com.br\/index.php?rest_route=%2Fwp%2Fv2%2Fcomments&post=1006"}],"version-history":[{"count":1,"href":"https:\/\/blog.institutoparmagnetico.com.br\/index.php?rest_route=\/wp\/v2\/posts\/1006\/revisions"}],"predecessor-version":[{"id":1008,"href":"https:\/\/blog.institutoparmagnetico.com.br\/index.php?rest_route=\/wp\/v2\/posts\/1006\/revisions\/1008"}],"wp:featuredmedia":[{"embeddable":true,"href":"https:\/\/blog.institutoparmagnetico.com.br\/index.php?rest_route=\/wp\/v2\/media\/1007"}],"wp:attachment":[{"href":"https:\/\/blog.institutoparmagnetico.com.br\/index.php?rest_route=%2Fwp%2Fv2%2Fmedia&parent=1006"}],"wp:term":[{"taxonomy":"category","embeddable":true,"href":"https:\/\/blog.institutoparmagnetico.com.br\/index.php?rest_route=%2Fwp%2Fv2%2Fcategories&post=1006"},{"taxonomy":"post_tag","embeddable":true,"href":"https:\/\/blog.institutoparmagnetico.com.br\/index.php?rest_route=%2Fwp%2Fv2%2Ftags&post=1006"}],"curies":[{"name":"wp","href":"https:\/\/api.w.org\/{rel}","templated":true}]}}