{"id":105,"date":"2018-04-10T12:42:05","date_gmt":"2018-04-10T15:42:05","guid":{"rendered":"http:\/\/blog.parmagnetico.com.br\/?p=105"},"modified":"2021-08-18T17:15:12","modified_gmt":"2021-08-18T20:15:12","slug":"como-o-trauma-emocional-nao-resolvido-pode-ser-causa-de-um-cancer","status":"publish","type":"post","link":"https:\/\/blog.institutoparmagnetico.com.br\/?p=105","title":{"rendered":"COMO UM TRAUMA EMOCIONAL N\u00c3O RESOLVIDO PODE SER A CAUSA DE UM C\u00c2NCER?"},"content":{"rendered":"<blockquote><p>Dr. Ryke Geerd Hamer observou que todos os pacientes com c\u00e2ncer pareciam ter algo em comum: <strong>tinha havido algum tipo de conflito psico-emocional antes do in\u00edcio da sua doen\u00e7a, geralmente alguns anos antes, um conflito que nunca tinha sido totalmente resolvido.<\/strong><\/p><\/blockquote>\n<p><img loading=\"lazy\" decoding=\"async\" class=\"alignnone size-full wp-image-107\" src=\"http:\/\/blog.parmagnetico.com.br\/wp-content\/uploads\/2018\/04\/17191C84-D27B-4CE1-8385-50EA96E6A567.png\" alt=\"\" width=\"1029\" height=\"611\" srcset=\"https:\/\/blog.institutoparmagnetico.com.br\/wp-content\/uploads\/2018\/04\/17191C84-D27B-4CE1-8385-50EA96E6A567.png 1029w, https:\/\/blog.institutoparmagnetico.com.br\/wp-content\/uploads\/2018\/04\/17191C84-D27B-4CE1-8385-50EA96E6A567-300x178.png 300w, https:\/\/blog.institutoparmagnetico.com.br\/wp-content\/uploads\/2018\/04\/17191C84-D27B-4CE1-8385-50EA96E6A567-768x456.png 768w, https:\/\/blog.institutoparmagnetico.com.br\/wp-content\/uploads\/2018\/04\/17191C84-D27B-4CE1-8385-50EA96E6A567-1024x608.png 1024w, https:\/\/blog.institutoparmagnetico.com.br\/wp-content\/uploads\/2018\/04\/17191C84-D27B-4CE1-8385-50EA96E6A567-640x380.png 640w\" sizes=\"auto, (max-width: 1029px) 100vw, 1029px\" \/><\/p>\n<p>Um dos mais recentes estudos sobre o c\u00e2ncer psicossom\u00e1tico vem da Alemanha, nos \u00faltimos dez anos, o m\u00e9dico-cirurgi\u00e3o Ryke Geerd Hamer analisou 20.000 pacientes com c\u00e2ncer, com todos os tipos de c\u00e2ncer, o Dr. Hamer se perguntou por que o c\u00e2ncer nunca parece se estender sistematicamente diretamente de um \u00f3rg\u00e3o para o tecido circundante. Por exemplo, ele nunca encontrou c\u00e2ncer cervico uterino e c\u00e2ncer uterino na mesma mulher. Ele tamb\u00e9m observou que todos os seus pacientes com c\u00e2ncer pareciam ter algo em comum: havia algum tipo de conflito psico-emocional antes do in\u00edcio de sua doen\u00e7a, geralmente alguns anos antes, um conflito que nunca havia sido completamente resolvido.<\/p>\n<p>Raios-X tirados do c\u00e9rebro pelo Dr. Hamer mostraram em todos os casos uma sombra escura em algum lugar no c\u00e9rebro, essas manchas escuras estariam exatamente no mesmo lugar no c\u00e9rebro para os mesmos tipos de c\u00e2ncer. Houve tamb\u00e9m uma correla\u00e7\u00e3o de 100% entre a mancha escura no c\u00e9rebro, a localiza\u00e7\u00e3o do c\u00e2ncer no corpo e o tipo espec\u00edfico de conflito n\u00e3o resolvido.<\/p>\n<p>Com base nestes resultados, o Dr. Hamer sugere que quando estamos em um conflito estressante que n\u00e3o for resolvido, o centro reflexo emocional no c\u00e9rebro que corresponde \u00e0 emo\u00e7\u00e3o experiente (por exemplo, raiva, frustra\u00e7\u00e3o, dor). Cada um desses centros de emo\u00e7\u00f5es est\u00e1 conectado a um \u00f3rg\u00e3o espec\u00edfico.<\/p>\n<p>Quando um centro se descomp\u00f5e, ele come\u00e7ar\u00e1 a enviar informa\u00e7\u00f5es incorretas para o \u00f3rg\u00e3o que controla, resultando na forma\u00e7\u00e3o de c\u00e9lulas deformadas nos tecidos: c\u00e9lulas cancer\u00edgenas.<\/p>\n<p>Tamb\u00e9m sugere que a met\u00e1stase n\u00e3o \u00e9 a mesma dissemina\u00e7\u00e3o do c\u00e2ncer. \u00c9 o resultado de novos conflitos que podem ser causados \u200b\u200bpelo estresse de ter c\u00e2ncer ou terapias invasivas, dolorosas ou nauseantes.<br \/>\nO Dr. Hamer come\u00e7ou a incluir a psicoterapia como uma parte importante do processo de cura e descobriu que, quando o conflito espec\u00edfico foi resolvido, o c\u00e2ncer parou de crescer imediatamente no n\u00edvel celular.<\/p>\n<p style=\"text-align: center;\"><strong>COMO O DESBLOQUEIO EMOCIONAL MAGN\u00c9TICO PODE CURAR UM C\u00c2NCER?\u00a0<\/strong><\/p>\n<p>Aqui entra o DESBLOQUEiO EMOCIONAL MAGN\u00c9TICO (DEM) como ferramenta importante de tratamento para atuar nos centros de conflito desbloqueando de forma simples <strong>n\u00e3o invasiva e n\u00e3o traum\u00e1tica<\/strong> as emo\u00e7\u00f5es represadas dos conflitos, possibilitando quero organismo volte a condi\u00e7\u00e3o natural org\u00e2nica, podendo inclusive se curar do c\u00e2ncer.<\/p>\n<p>A mancha escura no c\u00e9rebro, referida pelo Dr. Hamer como um &#8220;Hamer Herd&#8221; mostrado na imagem abaixo, come\u00e7ou a desaparecer ap\u00f3s as terapias que tratam o emocional o Raios-X do c\u00e9rebro ap\u00f3s o tratamento emocional mostrava agora edema de cura ao redor do centro emocional danificado, enquanto o tecido cerebral come\u00e7ava a reparar o local afetado.<\/p>\n<p>Houve mais uma vez uma comunica\u00e7\u00e3o normal entre o c\u00e9rebro e o corpo. Um edema de cicatriza\u00e7\u00e3o semelhante tamb\u00e9m pode ser visto em torno do tecido canceroso agora inativo. Eventualmente, o c\u00e2ncer seria encapsulado, descarregado ou tratado com a a\u00e7\u00e3o natural do corpo. O tecido doente desapareceria e o tecido normal reapareceria. Segundo o Dr. Hamer, a causa real do c\u00e2ncer e de outras doen\u00e7as \u00e9 um choque traum\u00e1tico inesperado, para o qual n\u00e3o estamos emocionalmente preparados.<\/p>\n<p>Dos 20.000 pacientes com c\u00e2ncer revisados, o Dr. Hamer descobriu que todo c\u00e2ncer no corpo tem uma causa emocional diferente. Por exemplo, todos os c\u00e2nceres da mama esquerda s\u00e3o causados \u200b\u200bpelo indiv\u00edduo que experimenta um conflito emocional envolvendo a crian\u00e7a, o lar ou a m\u00e3e; enquanto todos os cancros da mama direita s\u00e3o causados \u200b\u200bpelo indiv\u00edduo que experimenta conflito emocional com o parceiro ou outras pessoas.<\/p>\n<p>Isso ocorre porque cada tipo de conflito psico-emocional, como encontrado pelo Dr. Hamer, \u00e9 tratado por uma parte diferente do centro emocional refletido no c\u00e9rebro que corresponde a um \u00f3rg\u00e3o diferente dentro do corpo. Em quase todos os casos, o conflito vivido ocorre aproximadamente 2 anos antes do diagn\u00f3stico de c\u00e2ncer.<\/p>\n<p>Este blog \u00e9 apenas um blog educativo. As informa\u00e7\u00f5es e servi\u00e7os aqui contidos n\u00e3o devem ser interpretados como um diagn\u00f3stico, tratamento, prescri\u00e7\u00e3o ou cura para a doen\u00e7a. Aqueles que buscam tratamento para uma doen\u00e7a espec\u00edfica devem consultar seu m\u00e9dico para determinar o protocolo de tratamento adequado, correto e aceito antes de usar qualquer coisa que \u00e9 divulgado nesta p\u00e1gina.<\/p>\n<p>Artigo Original Dr. Ryke Geerd Hamer: Como o trauma emocional n\u00e3o resolvido causa c\u00e2ncer<br \/>\nPublicado<br \/>\non: abril 01, 2018<br \/>\nEn: Salud<\/p>\n","protected":false},"excerpt":{"rendered":"<p>Dr. Ryke Geerd Hamer observou que todos os pacientes com c\u00e2ncer pareciam ter algo em comum: tinha havido algum tipo de conflito psico-emocional antes do in\u00edcio da sua doen\u00e7a, geralmente&nbsp;[ &hellip; ]<\/p>\n","protected":false},"author":3,"featured_media":106,"comment_status":"open","ping_status":"open","sticky":false,"template":"","format":"standard","meta":{"_exactmetrics_skip_tracking":false,"_exactmetrics_sitenote_active":false,"_exactmetrics_sitenote_note":"","_exactmetrics_sitenote_category":0,"footnotes":""},"categories":[20],"tags":[35,34,12,36],"class_list":["post-105","post","type-post","status-publish","format-standard","has-post-thumbnail","hentry","category-desbloqueio-emocional","tag-dem","tag-desbloqueio-emocional-magnetico","tag-par-magnetico","tag-traumas-emocionais","col-sm-6"],"_links":{"self":[{"href":"https:\/\/blog.institutoparmagnetico.com.br\/index.php?rest_route=\/wp\/v2\/posts\/105","targetHints":{"allow":["GET"]}}],"collection":[{"href":"https:\/\/blog.institutoparmagnetico.com.br\/index.php?rest_route=\/wp\/v2\/posts"}],"about":[{"href":"https:\/\/blog.institutoparmagnetico.com.br\/index.php?rest_route=\/wp\/v2\/types\/post"}],"author":[{"embeddable":true,"href":"https:\/\/blog.institutoparmagnetico.com.br\/index.php?rest_route=\/wp\/v2\/users\/3"}],"replies":[{"embeddable":true,"href":"https:\/\/blog.institutoparmagnetico.com.br\/index.php?rest_route=%2Fwp%2Fv2%2Fcomments&post=105"}],"version-history":[{"count":6,"href":"https:\/\/blog.institutoparmagnetico.com.br\/index.php?rest_route=\/wp\/v2\/posts\/105\/revisions"}],"predecessor-version":[{"id":804,"href":"https:\/\/blog.institutoparmagnetico.com.br\/index.php?rest_route=\/wp\/v2\/posts\/105\/revisions\/804"}],"wp:featuredmedia":[{"embeddable":true,"href":"https:\/\/blog.institutoparmagnetico.com.br\/index.php?rest_route=\/wp\/v2\/media\/106"}],"wp:attachment":[{"href":"https:\/\/blog.institutoparmagnetico.com.br\/index.php?rest_route=%2Fwp%2Fv2%2Fmedia&parent=105"}],"wp:term":[{"taxonomy":"category","embeddable":true,"href":"https:\/\/blog.institutoparmagnetico.com.br\/index.php?rest_route=%2Fwp%2Fv2%2Fcategories&post=105"},{"taxonomy":"post_tag","embeddable":true,"href":"https:\/\/blog.institutoparmagnetico.com.br\/index.php?rest_route=%2Fwp%2Fv2%2Ftags&post=105"}],"curies":[{"name":"wp","href":"https:\/\/api.w.org\/{rel}","templated":true}]}}