{"id":1060,"date":"2023-10-08T06:15:21","date_gmt":"2023-10-08T09:15:21","guid":{"rendered":"https:\/\/blog.institutoparmagnetico.com.br\/?p=1060"},"modified":"2023-10-08T06:19:11","modified_gmt":"2023-10-08T09:19:11","slug":"vamos-falar-de-conflito","status":"publish","type":"post","link":"https:\/\/blog.institutoparmagnetico.com.br\/?p=1060","title":{"rendered":"Vamos falar de conflito?"},"content":{"rendered":"<p>Conflitos podem gerar marcas traum\u00e1ticas, podem impactar a pessoa a ciclos emocionais, pode impactar a pessoa a um contrato de lealdade ou at\u00e9 ligar a express\u00e3o de doen\u00e7as heredit\u00e1rias.<\/p>\n<p>H\u00e1 diversas formas de se ver um conflito, gostaria de trazer a estudo o sentido biol\u00f3gico do conflito<\/p>\n<p>O que seria neste ponto de vista biol\u00f3gico um conflito?<\/p>\n<p>Poderiamos dizer que o conflito \u00e9 um sentimento. Lembre-se que sentimento \u00e9 a interpreta\u00e7\u00e3o subjetiva e muito particular de um determinado momento emocional.<\/p>\n<p>Podemos dizer ent\u00e3o que um conflito se gera num momento emocional vivenciado por um choque de tal modo que o ser humano neste momento emocional,&nbsp; se encontra afetado de forma t\u00e3o inesperada que n\u00e3o pode, \u00e0 princ\u00edpio, reagir.<\/p>\n<p><img loading=\"lazy\" decoding=\"async\" class=\"alignnone  wp-image-1062\" src=\"https:\/\/blog.institutoparmagnetico.com.br\/wp-content\/uploads\/2023\/10\/Imagem1.jpg\" alt=\"\" width=\"405\" height=\"270\" srcset=\"https:\/\/blog.institutoparmagnetico.com.br\/wp-content\/uploads\/2023\/10\/Imagem1.jpg 2025w, https:\/\/blog.institutoparmagnetico.com.br\/wp-content\/uploads\/2023\/10\/Imagem1-300x200.jpg 300w, https:\/\/blog.institutoparmagnetico.com.br\/wp-content\/uploads\/2023\/10\/Imagem1-1024x682.jpg 1024w, https:\/\/blog.institutoparmagnetico.com.br\/wp-content\/uploads\/2023\/10\/Imagem1-768x512.jpg 768w, https:\/\/blog.institutoparmagnetico.com.br\/wp-content\/uploads\/2023\/10\/Imagem1-1536x1023.jpg 1536w, https:\/\/blog.institutoparmagnetico.com.br\/wp-content\/uploads\/2023\/10\/Imagem1-270x180.jpg 270w, https:\/\/blog.institutoparmagnetico.com.br\/wp-content\/uploads\/2023\/10\/Imagem1-710x473.jpg 710w\" sizes=\"auto, (max-width: 405px) 100vw, 405px\" \/><\/p>\n<p>Vai dizer que nunca passou por um momento impactante onde voc\u00ea disse para si mesmo: \u201cisso nunca me aconteceu!\u201d; \u201cmeu ch\u00e3o desapareceu sob meus p\u00e9s!\u201d, \u201csinto como se uma bala tivesse me atingido\u201d; \u201cestou perdido, n\u00e3o sei o que fa\u00e7o\u201d\u2026<\/p>\n<p>Este momento impactante \u00e9 algo totalmente inesperado e n\u00e3o totalmente compreens\u00edvel no momento. Quando vivemos essas situa\u00e7\u00f5es, biologicamente falando estamos vivendo um conflito onde os neurotransmissores e horm\u00f4nios est\u00e3o no auge para defesa da vida celular e sist\u00eamica org\u00e2nica.<\/p>\n<p>Quando passamos por essas situa\u00e7\u00f5es, no exato instante em que elas acontecem, estamos totalmente imersos no estado de choque\u26a1\ufe0f<\/p>\n<p>Nosso corpo utiliza todos os nossos meios de comunica\u00e7\u00e3o internos e externos (audi\u00e7\u00e3o, vis\u00e3o, paladar, olfato, tato, sinaliza\u00e7\u00e3o celular, irritabilidade, quimiotaxia, neurotransmissores, horm\u00f4nios e outros meios internos e externos como o sexto sentido, intui\u00e7\u00e3o ou ainda capacidade de percep\u00e7\u00e3o eletromagn\u00e9tica), para perceber e captar tudo o que est\u00e1 \u00e0 nossa volta.<\/p>\n<p>Como resultante desta descarga de horm\u00f4nios do estresse, nossos sentidos ficam aflorados e registram tudo o que captam, ficando registrado em nosso subconsciente (entenda-se por subconsciente n\u00e3o apenas os processos mentais, mas tamb\u00e9m as nossas c\u00e9lulas pela capacidade de mem\u00f3ria celular).<\/p>\n<p>Assim, n\u00f3s montamos naquele exato momento uma \u201cfoto\u201d ou um pequeno \u201cfilme\u201d, uma cena que vai passar muitas e muitas vezes em nossa mente, at\u00e9 durante anos (ciclos, traumas, contratos) tudo isso pode ficar dependente ao tipo de ciclo que a pessoa se impacta (ciclo da raiva, ciclo do medo, ciclo da tristeza).<\/p>\n<p><img loading=\"lazy\" decoding=\"async\" class=\"alignnone size-full wp-image-1063\" src=\"https:\/\/blog.institutoparmagnetico.com.br\/wp-content\/uploads\/2023\/10\/Imagem2.jpg\" alt=\"\" width=\"303\" height=\"166\" srcset=\"https:\/\/blog.institutoparmagnetico.com.br\/wp-content\/uploads\/2023\/10\/Imagem2.jpg 303w, https:\/\/blog.institutoparmagnetico.com.br\/wp-content\/uploads\/2023\/10\/Imagem2-300x164.jpg 300w\" sizes=\"auto, (max-width: 303px) 100vw, 303px\" \/><\/p>\n<p>Um exemplo de como acontece este processo na pr\u00e1tica?<\/p>\n<p>Acidente de carro (batida).<\/p>\n<p>Temos a\u00ed algo totalmente inesperado, que nos impacta de surpresa.<\/p>\n<p>Se h\u00e1 feridos, n\u00e3o sabemos o que fazer exatamente, al\u00e9m de ligar para o 193.<\/p>\n<p>Ficamos perdidos na cena, e s\u00f3 conseguimos ver as pessoas envolvidas diretamente, os ve\u00edculos amassados, relembramos da tentativa de evitar o acidente que ocorre mil\u00e9simos de segundo antes, mas somos incapazes de lembrar conscientemente depois das pessoas \u00e0 volta, de como os outros carros pararam ao redor, das cenas corriqueiras como algu\u00e9m andando de bicicleta, um cachorro que atravessa a rua naquele momento.<\/p>\n<p>Ficamos totalmente embebidos nos acontecimentos diretamente impactados em estado de choque \u26a1\ufe0f<\/p>\n<p>Neste momento criamos essa \u201cparada na imagem\u201d uma impress\u00e3o ou foto mental que vai nos revisitar por muitas vezes depois.<\/p>\n<p>A manuten\u00e7\u00e3o no ciclo aberto se d\u00e1 pelo pr\u00f3prio subconsciente que manda mensagens para que o corpo reviva a cena &#8211; bioquimicamente falando &#8211; toda a vez que algo lhe chama ao fato, imagem, not\u00edcias, filmes etc&#8230; mesmo que seja algo relacionado como o cachorro que atravessa a rua, tudo isso acontece na tentativa de encontrar uma solu\u00e7\u00e3o que feche o ciclo.<\/p>\n<p>&nbsp;<\/p>\n<p>No momento em que estamos imersos neste oceano do conflito, ficamos com uma esp\u00e9cie de cegueira. \u00c9 como dizer ao peixe que ele est\u00e1 imerso em \u00e1gua.<\/p>\n<p>Ele responder\u00e1: que \u00e1gua?<\/p>\n<p>Todo este processo pode acontecer de forma mini ou m\u00e1xi potencializada depende do grau de depend\u00eancia que o subconsciente imp\u00f5e ao fato.<\/p>\n<p>Mini significa pequena foto, ou seja, trauma pequeno, ciclo com pouca relev\u00e2ncia ao corpo bioqu\u00edmico, estes geram doen\u00e7as cronificantes pois acidificam o ambiente celular aos poucos, como depress\u00e3o, transtornos de ansiedade, dores articulares, fibromialgia.<\/p>\n<p>M\u00e1xi significa total imers\u00e3o bioqu\u00edmica que podem levar a estados de s\u00edndrome do p\u00e2nico, estados de paranoia, esquizofrenia. M\u00e1xi \u00e9 quando o indiv\u00edduo s\u00f3 consegue perceber o conflito e fica imerso no estado impot\u00eancia diante dele, e este processo pode durar d\u00e9cadas e inclusive levar a pessoa ao suic\u00eddio, pois ela internamente n\u00e3o v\u00ea nenhuma sa\u00edda para seu estado interno de estagna\u00e7\u00e3o.<\/p>\n<p>&nbsp;<\/p>\n<p>Com o Desbloqueio Emocional Magn\u00e9tico &#8211; DEM Avan\u00e7ado podemos estar tratando destes conflitos<\/p>\n<p>Identificando o ciclo e liberando as emo\u00e7\u00f5es que ressoam no est\u00edmulo dos neurotransmissores e horm\u00f4nios que estimulam a produ\u00e7\u00e3o dos elementos bioqu\u00edmicos do estresse que mant\u00e9m os sentidos aprisionados e aflorados para resolu\u00e7\u00e3o de um problema que est\u00e1 s\u00f3 impactado na mente, n\u00e3o sendo mais algo real para o dia atual.<\/p>\n<p>Identificar e liberar \u00e9 destruir a \u201cfoto\u201d ou imagem impactada. Muitas vezes \u00e9 necess\u00e1rio o distrato, o tratamento dos sentimentos atrav\u00e9s da ressignifica\u00e7\u00e3o \u00e9 isso que o Desbloqueio Emocional Magn\u00e9tico &#8211; DEM Avan\u00e7ado pode fazer juntamente com a Bioenerg\u00e9tica Avan\u00e7ada.<\/p>\n<p>J\u00e1 aconteceu com voc\u00ea do paciente negar que o evento identificado est\u00e1 relacionado com a manifesta\u00e7\u00e3o da sua doen\u00e7a ?<\/p>\n<p>Quando o paciente entra imediatamente ap\u00f3s a lembran\u00e7a do fato na nega\u00e7\u00e3o, negando a relev\u00e2ncia do que viveu, nega seus sentimentos.<\/p>\n<p>Nestes casos, estes pacientes s\u00e3o os que a ressignifica\u00e7\u00e3o \u00e9 ainda mais importante e o tratamento pode levar mais tempo, pois o efeito do impacto no ciclo \u00e9 t\u00e3o intenso que precisamos trabalhar aos poucos, pois o processo f\u00edsico e emocional que vem com uma retirada abrupta pode ser muito indesej\u00e1vel, e isso exige muita responsabilidade e conhecimento por parte do terapeuta.<\/p>\n<p>Ou seja, quando a ressignifica\u00e7\u00e3o pede algo por 90 dias, por exemplo, d\u00ea este tempo ao organismo para tratar um segundo ciclo, ou trauma, ou contrato.<\/p>\n<p>A natureza n\u00e3o d\u00e1 saltos. precisamos respeitar o organismo e entender a profundidade do nosso trabalho, j\u00e1 que n\u00e3o somos e n\u00e3o devemos entrar na \u00e1rea de um psic\u00f3logo, devemos inclusive checar a necessidade de indica\u00e7\u00e3o para este profissional para ajudar o paciente a sair mais r\u00e1pido poss\u00edvel da situa\u00e7\u00e3o subconsciente do impacto e da nega\u00e7\u00e3o.<\/p>\n<p>Por que ocorre este estado de nega\u00e7\u00e3o? Tudo na vida \u00e9 uma luta para n\u00e3o sofrer e na tentativa consciente de lidar com o&nbsp;problema de tal forma a minimiz\u00e1-lo, muitas vezes minimizamos o que sentimos, e at\u00e9 mesmo negamos que tenhamos sentido algo. \u00c9 um mecanismo de seguran\u00e7a, de prote\u00e7\u00e3o.<\/p>\n<p>Por exemplo, quando perdemos um animal de estima\u00e7\u00e3o; quando somos demitidos, quando somos tra\u00eddos, passamos por uma separa\u00e7\u00e3o; quando enfrentamos a fal\u00eancia de uma empresa \u00e0 qual tanto nos dedicamos, come\u00e7amos a minimizar ou negar dando a impress\u00e3o de que estamos lidando muito bem com a situa\u00e7\u00e3o, mesmo ainda sendo atormentados pela \u201cfoto\u201c, ou choque, ou impress\u00e3o subconsciente que gera um ciclo emocional aberto, ou seja, uma \u201cpausa na imagem\u201d que nos persegue, podemos estar em mini-m\u00e1xi.<\/p>\n<p>O fato \u00e9 que, todos sabemos O QUE vivemos, mas n\u00e3o sabemos COMO vivemos.<\/p>\n<p>COMO SENTIMOS, \u00e9 o que vai determinar posteriormente nossas adapta\u00e7\u00f5es f\u00edsicas e emocionais, nossos sintomas, s\u00e3o diretamente dependentes da PERCEP\u00c7\u00c3O que temos do que vivemos.<\/p>\n<p>O Desbloqueio Emocional Magn\u00e9tico &#8211; DEM tem um papel important\u00edssimo que \u00e9 liberar os f\u00f3tons de luz da imagem atrav\u00e9s a libera\u00e7\u00e3o das emo\u00e7\u00f5es, sensa\u00e7\u00f5es e sentimentos para esclarecer ao subconsciente a resolu\u00e7\u00e3o do problema, ou seja, o encerramento do ciclo.<\/p>\n<p>Na natureza nada \u00e9 por acaso, e toda resposta t\u00eam uma causa.<\/p>\n<p>Se o paciente consegue sair da sua nega\u00e7\u00e3o, deste estado hipn\u00f3tico que o ciclo aberto exercita sobre ele no momento em que entende como se sentiu e pode falar \u00e0 respeito, sem a dor e o sofrimento do momento em que foi impactado, come\u00e7amos ent\u00e3o a perceber que a ressignifica\u00e7\u00e3o est\u00e1 fazendo efeito e este \u00e9 o passo fundamental para a melhora dos sintomas f\u00edsicos, emocionais e espirituais envolvidos com o problema.<\/p>\n<p>Percebe-se assim que o tratamento do Desbloqueio Emocional Magn\u00e9tico &#8211; DEM \u00e9 um processo de constru\u00e7\u00e3o e colabora\u00e7\u00e3o entre as partes, ou seja, entre o terapeuta e paciente. \u00c9 a diferen\u00e7a entre tomar um comprimido e aguardar o efeito, ou assumir sua responsabilidade no processo quando faz um tratamento em sa\u00fade integral.<\/p>\n<p>Porque o Desbloqueio Emocional Magn\u00e9tico &#8211; DEM auxilia no autodescobrimento e auto dom\u00ednio emocional?<\/p>\n<p>Porque o paciente ter\u00e1 a realidade do momento do impacto atrav\u00e9s das emo\u00e7\u00f5es identificadas, ter\u00e1 a realidade do motivo do seu sentir e atuar.<\/p>\n<p>Porque ter\u00e1 a real PERCEP\u00c7\u00c3O do momento segundo os seus \u00f3rg\u00e3os, tecidos e sistemas corporais impactados pelo evento e com isso ter\u00e1 esclarecido o sentido biol\u00f3gico destes \u00f3rg\u00e3os e tecidos terem respondido de tal forma e evolu\u00eddo a tal ou qual doen\u00e7a relacionada ao evento.<\/p>\n<p>E a vantagem deste processo?<\/p>\n<p>Poder viver livre da dor e do sofrimento.<\/p>\n<p><img loading=\"lazy\" decoding=\"async\" class=\"alignnone size-full wp-image-1064\" src=\"https:\/\/blog.institutoparmagnetico.com.br\/wp-content\/uploads\/2023\/10\/Imagem3.jpg\" alt=\"\" width=\"339\" height=\"148\" srcset=\"https:\/\/blog.institutoparmagnetico.com.br\/wp-content\/uploads\/2023\/10\/Imagem3.jpg 339w, https:\/\/blog.institutoparmagnetico.com.br\/wp-content\/uploads\/2023\/10\/Imagem3-300x131.jpg 300w\" sizes=\"auto, (max-width: 339px) 100vw, 339px\" \/><\/p>\n","protected":false},"excerpt":{"rendered":"<p>Conflitos podem gerar marcas traum\u00e1ticas, podem impactar a pessoa a ciclos emocionais, pode impactar a pessoa a um contrato de lealdade ou at\u00e9 ligar a express\u00e3o de doen\u00e7as heredit\u00e1rias. H\u00e1&nbsp;[ &hellip; ]<\/p>\n","protected":false},"author":3,"featured_media":1066,"comment_status":"open","ping_status":"open","sticky":false,"template":"","format":"standard","meta":{"_exactmetrics_skip_tracking":false,"_exactmetrics_sitenote_active":false,"_exactmetrics_sitenote_note":"","_exactmetrics_sitenote_category":0,"footnotes":""},"categories":[59,20],"tags":[],"class_list":["post-1060","post","type-post","status-publish","format-standard","has-post-thumbnail","hentry","category-blog","category-desbloqueio-emocional","col-sm-6"],"_links":{"self":[{"href":"https:\/\/blog.institutoparmagnetico.com.br\/index.php?rest_route=\/wp\/v2\/posts\/1060","targetHints":{"allow":["GET"]}}],"collection":[{"href":"https:\/\/blog.institutoparmagnetico.com.br\/index.php?rest_route=\/wp\/v2\/posts"}],"about":[{"href":"https:\/\/blog.institutoparmagnetico.com.br\/index.php?rest_route=\/wp\/v2\/types\/post"}],"author":[{"embeddable":true,"href":"https:\/\/blog.institutoparmagnetico.com.br\/index.php?rest_route=\/wp\/v2\/users\/3"}],"replies":[{"embeddable":true,"href":"https:\/\/blog.institutoparmagnetico.com.br\/index.php?rest_route=%2Fwp%2Fv2%2Fcomments&post=1060"}],"version-history":[{"count":2,"href":"https:\/\/blog.institutoparmagnetico.com.br\/index.php?rest_route=\/wp\/v2\/posts\/1060\/revisions"}],"predecessor-version":[{"id":1067,"href":"https:\/\/blog.institutoparmagnetico.com.br\/index.php?rest_route=\/wp\/v2\/posts\/1060\/revisions\/1067"}],"wp:featuredmedia":[{"embeddable":true,"href":"https:\/\/blog.institutoparmagnetico.com.br\/index.php?rest_route=\/wp\/v2\/media\/1066"}],"wp:attachment":[{"href":"https:\/\/blog.institutoparmagnetico.com.br\/index.php?rest_route=%2Fwp%2Fv2%2Fmedia&parent=1060"}],"wp:term":[{"taxonomy":"category","embeddable":true,"href":"https:\/\/blog.institutoparmagnetico.com.br\/index.php?rest_route=%2Fwp%2Fv2%2Fcategories&post=1060"},{"taxonomy":"post_tag","embeddable":true,"href":"https:\/\/blog.institutoparmagnetico.com.br\/index.php?rest_route=%2Fwp%2Fv2%2Ftags&post=1060"}],"curies":[{"name":"wp","href":"https:\/\/api.w.org\/{rel}","templated":true}]}}