{"id":1116,"date":"2024-02-25T08:00:00","date_gmt":"2024-02-25T11:00:00","guid":{"rendered":"https:\/\/blog.institutoparmagnetico.com.br\/?p=1116"},"modified":"2024-02-26T12:38:48","modified_gmt":"2024-02-26T15:38:48","slug":"dem-de-relaxamento-a-conexao-entre-meditacao-bioenergetica-e-saude-integral","status":"publish","type":"post","link":"https:\/\/blog.institutoparmagnetico.com.br\/?p=1116","title":{"rendered":"DEM de Relaxamento: A Conex\u00e3o entre Medita\u00e7\u00e3o, Bioenerg\u00e9tica e Sa\u00fade\u00a0Integral"},"content":{"rendered":"<h6>Autora: Dra. Adriane Viapiana Bossa<\/h6>\n<h6>Fisoterapeuta Integrativa | Crefito: 28627F<\/h6>\n<h6>Diretora do Instituto Par Magn\u00e9tico &#8211; IPM<\/h6>\n<h6>https:\/\/institutoparmagnetico.com.br<\/h6>\n<h6><strong>Data de publica\u00e7\u00e3o: 25 de fevereiro de 2024<\/strong><\/h6>\n<p>O Desbloqueio Emocional Magn\u00e9tico (DEM) de Relaxamento \u00e9 uma Pr\u00e1tica Integrativa e Complementar, que visa compensar o estresse, aliviar os estados emocionais negativos como de ansiedade, preocupa\u00e7\u00e3o, inseguran\u00e7a e ainda busca modular a atividade imunol\u00f3gica e a produ\u00e7\u00e3o de horm\u00f4nios do bem-estar e sa\u00fade, atrav\u00e9s de est\u00edmulos positivos gerados pela concentra\u00e7\u00e3o, relaxamento, medita\u00e7\u00e3o guiada, frequ\u00eancias, emo\u00e7\u00f5es positivas, Comandos de Bioenerg\u00e9tica e Hologramas.<\/p>\n<p>As bases do DEM de Relaxamento est\u00e3o na Medita\u00e7\u00e3o, na Bioenerg\u00e9tica e na Medicina Tradicional Chinesa, t\u00e9cnicas milenares que promovem o bem-estar f\u00edsico, emocional, psicoemocional e social aos praticantes.<\/p>\n<p>Estudos tem mostrado que as pr\u00e1ticas complementares e integrativas ampliam o espa\u00e7o amoroso do indiv\u00edduo, minimizando o estresse cr\u00f4nico, colaborando com a express\u00e3o de princ\u00edpios morais e comportamentais de autocuidado e autorresponsabilidade que repercutem positivamente nos aspectos da vida relacionados ao bem-estar, qualidade de vida e sa\u00fade (P\u00d3LROLA, 2018; KALIMAN, 2018; HSIEH, 2013).<\/p>\n<p>O objetivo da t\u00e9cnica \u00e9 a reprograma\u00e7\u00e3o da express\u00e3o g\u00eanica atrav\u00e9s da sua atua\u00e7\u00e3o sobre o epigenoma. Ao associar a medita\u00e7\u00e3o guiada com os est\u00edmulos da bioenerg\u00e9tica, o DEM de Relaxamento atua para que o indiv\u00edduo tenha uma <strong>maior capacidade de gerenciamento emocional,<\/strong> pois libera o estresse que se relaciona com comportamentos nocivos, h\u00e1bitos, cren\u00e7as e experi\u00eancias negativas que bloqueiam a viv\u00eancia de uma sa\u00fade f\u00edsica, emocional, sentimental e espiritual.<\/p>\n<p>O DEM de Relaxamento atua bioquimicamente sobre as gl\u00e2ndulas neuroend\u00f3crinas para que o organismo tenha maiores condi\u00e7\u00f5es de voltar a homeostase ap\u00f3s um conflito ou estresse emocional, minimizando os efeitos mal\u00e9ficos do cortisol e da inflama\u00e7\u00e3o cr\u00f4nica.<\/p>\n<p><strong>Tenha em m\u00e3os um guia pr\u00e1tico com recursos terap\u00eauticos para o al\u00edvio do estresse, ansiedade e mais: <a href=\"https:\/\/go.hotmart.com\/N90644795U\">https:\/\/go.hotmart.com\/N90644795U<\/a><\/strong><\/p>\n<p>Apesar de termos um aparato neuro psicofisiol\u00f3gico capaz de restaura\u00e7\u00e3o homeost\u00e1tica, a exposi\u00e7\u00e3o aos mediadores qu\u00edmicos do estresse resulta em desgaste do corpo. Os principais mediadores qu\u00edmicos da homeostase s\u00e3o os horm\u00f4nios do eixo Hipotal\u00e2mico-Hipofis\u00e1rio-Adrenal (HHA) como o cortisol, as catecolaminas, como a dopamina, epinefrina e norepinefrina e as citocinas. Na luta pelo equil\u00edbrio bioel\u00e9trico e bioqu\u00edmico, nosso corpo ao fornecer energia necess\u00e1ria para que o organismo possa lidar com o aumento da demanda a um estressor agudo, o hipot\u00e1lamo secreta o horm\u00f4nio liberador de corticotropina (CRH), que viaja para a gl\u00e2ndula hip\u00f3fise e estimula a secre\u00e7\u00e3o do horm\u00f4nio adrenocorticotr\u00f3fico (ACTH). O ACTH, por sua vez, \u00e9 liberado na corrente sangu\u00ednea e eventualmente atinge o c\u00f3rtex adrenal, onde estimula a libera\u00e7\u00e3o de cortisol.<\/p>\n<p>A libera\u00e7\u00e3o de cortisol em resposta a um estressor agudo est\u00e1 envolvida na promo\u00e7\u00e3o das fun\u00e7\u00f5es de sobreviv\u00eancia, como aumentar a press\u00e3o arterial e os n\u00edveis de a\u00e7\u00facar no sangue e promover a analgesia, ao mesmo tempo em que conserva energia de fun\u00e7\u00f5es n\u00e3o vitais que levam a supress\u00e3o das atividades reprodutivas, imunol\u00f3gicas e digestivas.<\/p>\n<p>Mesmo que ao fim do processo estressor n\u00e3o haja inflama\u00e7\u00e3o, ou seja, mesmo que ocorra o reparo da homeostase sem preju\u00edzo do organismo, ainda assim sentimos a neuroqu\u00edmica atuando nas nossas emo\u00e7\u00f5es e sentimentos e por isso \u00e9 muito importante que haja a compensa\u00e7\u00e3o da perda energ\u00e9tica com o exerc\u00edcio das emo\u00e7\u00f5es positivas no dia a dia, isso o pode ser adquirido e estimulado com a pr\u00e1tica constante do DEM de Relaxamento.<\/p>\n<p>Sabe-se que o estresse prolongado gera maior demanda energ\u00e9tica do organismo. Eleva\u00e7\u00f5es por tempo prolongado de glicocortic\u00f3ides podem ter efeitos prejudiciais ao longo da vida, principalmente quando as respostas agudas ao estresse se tornam cr\u00f4nicas, isto justamente pelo aumento dos fatores inflamat\u00f3rios que s\u00e3o precursores de in\u00fameras doen\u00e7as cr\u00f4nico degenerativas. Desta forma, pelo exposto acima, praticar o DEM de Relaxamento \u00e9 um meio de preven\u00e7\u00e3o de enfermidades que afetam a sociedade moderna.<\/p>\n<p>Pesquisadores da nutrigen\u00e9tica, nutrigen\u00f4mica, gen\u00e9tica, epigen\u00e9tica, bioenerg\u00e9tica e medicinas complementares e pr\u00e1ticas integrativas, passaram a realizar mais pesquisas sobre como a modula\u00e7\u00e3o do estresse, o estimulo \u00e0 felicidade, o bem-estar e como estes poderiam auxiliar no \u201capagar\u201d as marcas epigen\u00e9ticas que ligam a express\u00e3o g\u00eanica de doen\u00e7as heredit\u00e1rias relacionadas ao estresse. Os resultados s\u00e3o que precisamos estimular o organismo a minimizar ou at\u00e9 apagar as marcas epigen\u00e9ticas que ligam as doen\u00e7as.<\/p>\n<p>Aumentar o \u201cespa\u00e7o de afetividade do indiv\u00edduo em rela\u00e7\u00e3o a si mesmo e aos demais\u201d, aumentar o \u201cespa\u00e7o amoroso da pessoa em rela\u00e7\u00e3o a si mesma e aos demais\u201d inibindo assim a inflama\u00e7\u00e3o cr\u00f4nica com pr\u00e1ticas de relaxamento e medita\u00e7\u00e3o, \u00e9 um caminho para manuten\u00e7\u00e3o da sa\u00fade integral, por isso, o Instituto Par Magn\u00e9tico \u2013 IPM, lan\u00e7ou o PROJETO SOCIAL do DEM HUMANIT\u00c1RIO, onde o DEM de Relaxamento pode levar est\u00edmulo de sa\u00fade para todos os que buscam cuidar da sua sa\u00fade e melhorar seus aspectos emocionais em seus relacionamentos sociais, bem como para os que buscam o autoconhecimento e autodom\u00ednio emocional. Conta para isso com a colabora\u00e7\u00e3o dos terapeutas formados pelo IPM que s\u00e3o capacitados para atuar com o Desbloqueio Emocional Magn\u00e9tico nas suas diversas possibilidades, de forma p\u00fablica ou privada.<\/p>\n<p>H\u00e1 evid\u00eancias consider\u00e1veis da efic\u00e1cia das interven\u00e7\u00f5es mente-corpo na melhoria da sa\u00fade mental e f\u00edsica. As interven\u00e7\u00f5es terap\u00eauticas que trabalham mente-corpo podem reverter a express\u00e3o de genes envolvidos em rea\u00e7\u00f5es inflamat\u00f3rias que s\u00e3o induzidas pelo estresse. Resultados de 18 estudos que usaram an\u00e1lise de express\u00e3o g\u00eanica em pesquisas sobre medita\u00e7\u00e3o e outras interven\u00e7\u00f5es mente-corpo, encontraram em geral uma regula\u00e7\u00e3o negativa de genes direcionados a NF-B, o que pode ser entendido como a revers\u00e3o da assinatura molecular dos efeitos do estresse cr\u00f4nico (BURIC, 2017).<\/p>\n<p>Outros dados de estudos revelam que as terapias complementares que atuam sobre mente-corpo, t\u00eam efeitos bioqu\u00edmicos que h\u00e1 muito desafiam a explica\u00e7\u00e3o cient\u00edfica, mas que afetam positivamente a cicatriza\u00e7\u00e3o de tecidos lesados e isso se deve a mecanismos epigen\u00e9ticos e a modula\u00e7\u00e3o da express\u00e3o g\u00eanica.<\/p>\n<p>A Figura abaixo se refere ao estudo de revis\u00e3o dos Mecanismos Epigen\u00e9ticos de algumas pr\u00e1ticas integrativas e complementares (KANHERKAR, 2017).<\/p>\n<p><img loading=\"lazy\" decoding=\"async\" class=\"alignnone size-full wp-image-1117\" src=\"https:\/\/blog.institutoparmagnetico.com.br\/wp-content\/uploads\/2024\/01\/Imagem1.pnguj_.png\" alt=\"\" width=\"660\" height=\"418\" srcset=\"https:\/\/blog.institutoparmagnetico.com.br\/wp-content\/uploads\/2024\/01\/Imagem1.pnguj_.png 660w, https:\/\/blog.institutoparmagnetico.com.br\/wp-content\/uploads\/2024\/01\/Imagem1.pnguj_-300x190.png 300w\" sizes=\"auto, (max-width: 660px) 100vw, 660px\" \/><\/p>\n<p>Os diferentes tipos de medicinas integrativas ou pr\u00e1ticas complementares apresentados na figura acima foram pesquisados e sugerem que a resposta positiva aos tratamentos se relaciona com modula\u00e7\u00e3o epigen\u00e9tica. As medicinas integrativas t\u00eam sido comumente indicadas e utilizadas para melhorar a sa\u00fade e as condi\u00e7\u00f5es patol\u00f3gicas e seus benef\u00edcios e mecanismos de a\u00e7\u00e3o passam atualmente por v\u00e1rios estudos. O principal impacto positivo visto em todos os estudos \u00e9 sempre o \u201cal\u00edvio dos sintomas das doen\u00e7as\u201d, independentemente da pr\u00e1tica aplicada. Al\u00e9m de melhorar os sintomas, essas abordagens continuaram a afetar a mente, o corpo, e o epigenoma de c\u00e9lulas som\u00e1ticas no corpo humano, melhorando a dor de diversas patologias.<\/p>\n<p><img loading=\"lazy\" decoding=\"async\" class=\"alignnone size-full wp-image-1118\" src=\"https:\/\/blog.institutoparmagnetico.com.br\/wp-content\/uploads\/2024\/01\/Imagem2.png\" alt=\"\" width=\"658\" height=\"361\" srcset=\"https:\/\/blog.institutoparmagnetico.com.br\/wp-content\/uploads\/2024\/01\/Imagem2.png 658w, https:\/\/blog.institutoparmagnetico.com.br\/wp-content\/uploads\/2024\/01\/Imagem2-300x165.png 300w\" sizes=\"auto, (max-width: 658px) 100vw, 658px\" \/><\/p>\n<p>As pr\u00e1ticas funcionam nos diferentes n\u00edveis por meio de uma sequ\u00eancia hier\u00e1rquica espec\u00edfica ou em diferentes n\u00edveis simultaneamente. A figura acima apresenta como as pr\u00e1ticas integrativas funcionam nos n\u00edveis: psicol\u00f3gico, fisiol\u00f3gico, bioqu\u00edmico e epigen\u00e9tico. As setas vermelhas indicam os diferentes n\u00edveis iniciais onde as pr\u00e1ticas exercem sua a\u00e7\u00e3o para que a a\u00e7\u00e3o final seja exercida no epigenoma. Um epigenoma alterado produz efeitos ben\u00e9ficos em diferentes n\u00edveis indicados pelas setas verdes. Fonte: (KANHERKAR, 2017; P\u00d3LROLA, 2018).<\/p>\n<p>O Desbloqueio Emocional Magn\u00e9tico e o DEM de Relaxamento s\u00e3o ferramentas incr\u00edveis para a redu\u00e7\u00e3o do estresse, o que auxilia na melhora dos desfechos epigen\u00e9ticos, no aumento da felicidade, nas mudan\u00e7as de estrutura mental, emocional e bioqu\u00edmica que reduzem o cortisol e a inflama\u00e7\u00e3o cr\u00f4nica, ou seja, as pr\u00e1ticas integrativas atuam no \u00e2mbito psicol\u00f3gico, fisiol\u00f3gico e celular at\u00e9 chegar ao n\u00edvel epigen\u00e9tico.<\/p>\n<p>\u00c9 importante salientar que para se chegar no n\u00edvel epigen\u00e9tico, o comportamento ou o est\u00edmulo da pr\u00e1tica precisa ser <strong>cont\u00ednuo<\/strong> para que o benef\u00edcio que a pr\u00e1tica alcan\u00e7ou seja mantido, pois a pessoa acaba se tornando a pr\u00f3pria mudan\u00e7a, ou seja, se torna uma pessoa menos estressada naturalmente e continuamente retroalimentando desta forma os n\u00edveis acima para manuten\u00e7\u00e3o da sa\u00fade integral. Estas evid\u00eancias nos estudos demonstraram que n\u00e3o se obt\u00e9m resultados ao fazer apenas um dia de pr\u00e1tica, o est\u00edmulo cont\u00ednuo \u00e9 imprescind\u00edvel (KALIMAN, 2018; HSIEH, 2013; KANHERKAR, 2017; P\u00d3LROLA, 2018).<\/p>\n<p><strong>\u00a0<\/strong><\/p>\n<p><strong>REFER\u00caNCIAS:<\/strong><\/p>\n<p>RICE, R. W, FRIBERG U, GAVRILETS S. Homosexuality as a consequence of epigenetically canalized sexual development. Q Rev Biol. 2012 Dec;87(4):343-68. doi: 10.1086\/668167. PMID: 23397798.<\/p>\n<p>CLAES, S. Neuroepigenetics of Prenatal Psychological Stress. In: Progress in molecular biology and translational science. Academic Press, 2018. p. 83-104.<\/p>\n<p>MARSHALL, P; BREDY, T. W. Cognitive neuroepigenetics: the next evolution in our understanding of the molecular mechanisms underlying learning and memory?. NPJ science of learning, v. 1, n. 1, p. 1-8, 2016.<\/p>\n<p>SCOVILLE, W. B.; MILNER, Brenda. Loss of recent memory after bilateral hippocampal lesions. The Journal of neuropsychiatry and clinical neurosciences, v. 12, n. 1, p. 103-a-113, 2000.<\/p>\n<p>FRANCO, F., et al. &#8220;Metabolic and epigenetic regulation of T-cell exhaustion.&#8221; Nature Metabolism 2.10 (2020): 1001-1012.<\/p>\n<p>KAMINSKY, Z., et al. Epigenetics of personality traits: an illustrative study of identical twins discordant for risk-taking behavior. Twin Research and Human Genetics. (2008). 11: 1\u201311.\u00a0<a href=\"https:\/\/pt.wikipedia.org\/wiki\/PubMed_Identifier\">PMID<\/a>\u00a0<a href=\"https:\/\/www.ncbi.nlm.nih.gov\/pubmed\/18251670\">18251670<\/a>.\u00a0<a href=\"https:\/\/pt.wikipedia.org\/wiki\/Digital_object_identifier\">doi<\/a>:<a href=\"https:\/\/dx.doi.org\/10.1375%2Ftwin.11.1.1\">10.1375\/twin.11.1.1<\/a><\/p>\n<p>MELONI, M., and Giuseppe Testa. &#8220;Scrutinizing the epigenetics revolution.&#8221; BioSocieties 9.4 (2014): 431-456.<\/p>\n<p>MORANGE, M. &#8220;The relations between genetics and epigenetics: a historical point of view.&#8221; Annals of the New York Academy of Sciences 981.1 (2002): 50-60.<\/p>\n<p>TREROTOLA, M., et al. <a href=\"https:\/\/doi.org\/10.1186\/s40246-015-0041-3\">\u00abEpigenetic inheritance and the missing heritability\u00bb<\/a>. Human Genomics. (2015). 9 (1). 17 p\u00e1ginas.\u00a0<a href=\"https:\/\/pt.wikipedia.org\/wiki\/International_Standard_Serial_Number\">ISSN<\/a>\u00a0<a href=\"https:\/\/www.worldcat.org\/issn\/1479-7364\">1479-7364<\/a>.\u00a0<a href=\"https:\/\/pt.wikipedia.org\/wiki\/PubMed_Central\">PMC<\/a>\u00a0<a href=\"https:\/\/www.ncbi.nlm.nih.gov\/pmc\/articles\/PMC4517414\">4517414<\/a>.\u00a0<a href=\"https:\/\/pt.wikipedia.org\/wiki\/PubMed_Identifier\">PMID<\/a>\u00a0<a href=\"https:\/\/www.ncbi.nlm.nih.gov\/pubmed\/26216216\">26216216<\/a>.\u00a0<a href=\"https:\/\/pt.wikipedia.org\/wiki\/Digital_object_identifier\">doi<\/a>:<a href=\"https:\/\/dx.doi.org\/10.1186%2Fs40246-015-0041-3\">10.1186\/s40246-015-0041-3<\/a><\/p>\n<p>GERBER, Richard M. D. Medicina Vibracional. Uma Medicina para o futuro. Trad. Paulo Cesar de Oliveira. S\u00e3o Paulo: Cultrix, 1988.<\/p>\n<p>CITRO, Massimo. O C\u00f3digo B\u00e1sico do Universo: A Ci\u00eancia dos Mundos Invis\u00edveis na F\u00edsica, na Medicina e na Espiritualidade. S\u00e3o Paulo, 1\u00aa edi\u00e7\u00e3o, Cultrix, 2014.<\/p>\n<p>JIRTLE RL, Skinner MK. Environmental epigenomics and disease susceptibility. Nat Rev Genet. 2007 Apr;8(4):253-62. doi: 10.1038\/nrg2045.<\/p>\n<p>YEHUDA, R., Daskalakis, N. P., Lehrner, A., Desarnaud, F., Bader, H. N., Makotkine, I., \u2026 Meaney, M. J. (2014). Influences of Maternal and Paternal PTSD on Epigenetic Regulation of the Glucocorticoid Receptor Gene in Holocaust Survivor Offspring. American Journal of Psychiatry, 171(8), 872\u2013880. doi:10.1176\/appi.ajp.2014.13121571.<\/p>\n<p>VUKOJEVIC V, Kolassa IT, Fastenrath M, Gschwind L, Spalek K, Milnik A, Heck A, Vogler C, Wilker S, Demougin P, Peter F, Atucha E, Stetak A, Roozendaal B, Elbert T, Papassotiropoulos A, de Quervain DJ. Epigenetic modification of the glucocorticoid receptor gene is linked to traumatic memory and post-traumatic stress disorder risk in genocide survivors. J Neurosci. 2014 Jul 30;34(31):10274-84. doi: 10.1523\/JNEUROSCI.1526-14.2014.<\/p>\n<p>PERROUD, N., Rutembesa, E., Paoloni-Giacobino, A., Mutabaruka, J., Mutesa, L., Stenz, L., Karege, F. (2014). The Tutsi genocide and transgenerational transmission of maternal stress: epigenetics and biology of the HPA axis. The World Journal of Biological Psychiatry, 15(4), 334\u2013345. doi:10.3109\/15622975.2013.866693.<\/p>\n<p>PALMA-GUDIEL, H., C\u00f3rdova-Palomera, A., Leza, J. C., &amp; Fa\u00f1an\u00e1s, L. (2015). Glucocorticoid receptor gene (NR3C1) methylation processes as mediators of early adversity in stress-related disorders causality: A critical review. Neuroscience &amp; Biobehavioral Reviews, 55, 520\u2013535. doi:10.1016\/j.neubiorev.2015.05.016.<\/p>\n<p>ARGENTIERI, M. A., Nagarajan, S., Seddighzadeh, B., Baccarelli, A. A., &amp; Shields, A. E. (2017). Epigenetic Pathways in Human Disease: The Impact of DNA Methylation on Stress-Related Pathogenesis and Current Challenges in Biomarker Development. EBioMedicine, 18, 327\u2013350. doi:10.1016\/j.ebiom.2017.03.044.<\/p>\n<p>BOR\u00c7OI, A. R., Mendes de Oliveira, S., Gasparini dos Santos, J., Mota de Oliveira, M., Moreno Arantes, I. A., Freitas, F. V., \u2026 \u00c1lvares-da-Silva, A. M. (2019). Risk factors for depression in adults: NR3C1 DNA methylation and lifestyle association. Journal of Psychiatric Research. doi:10.1016\/j.jpsychires.2019.10.011.<\/p>\n<p>LABONTE, B., &amp; Turecki, G. (2010). The Epigenetics of Suicide: Explaining the Biological Effects of Early Life Environmental Adversity. Archives of Suicide Research, 14(4), 291\u2013310. doi:10.1080\/13811118.2010.524025.<\/p>\n<p>CAVALLI, Giacomo, and Edith Heard. \u201cAdvances in epigenetics link genetics to the environment and disease.\u201d\u00a0Nature\u00a0vol. 571,7766 (2019): 489-499. doi:10.1038\/s41586-019-1411-0.<\/p>\n<p>FAN, Y., Herrera-Melendez, A. L., Pestke, K., Feeser, M., Aust, S., Otte, C., \u2026 Grimm, S. (2014). Early life stress modulates amygdala-prefrontal functional connectivity: Implications for oxytocin effects. Human Brain Mapping, 35(10), 5328\u20135339. doi:10.1002\/hbm.22553.<\/p>\n<p>BABENKO, O., Kovalchuk, I., &amp; Metz, G. A. S. (2015). Stress-induced perinatal and transgenerational epigenetic programming of brain development and mental health. Neuroscience &amp; Biobehavioral Reviews, 48, 70\u201391. doi:10.1016\/j.neubiorev.2014.11.013.<\/p>\n<p>BURIC, I., Farias, M., Jong, J., Mee, C., &amp; Brazil, I. A. (2017). What Is the Molecular Signature of Mind\u2013Body Interventions? A Systematic Review of Gene Expression Changes Induced by Meditation and Related Practices. Frontiers in Immunology, 8. doi:10.3389\/fimmu.2017.00670.<\/p>\n<p>KANHERKAR, R. R., Stair, S. E., Bhatia-Dey, N., Mills, P. J., Chopra, D., &amp; Csoka, A. B. (2017). Epigenetic Mechanisms of Integrative Medicine. Evidence-Based Complementary and Alternative Medicine, 2017, 1\u201319. doi:10.1155\/2017\/4365429<\/p>\n<p>HSIEH, H.-Y., Chiu, P.-H., &amp; Wang, S.-C. (2013). Histone modifications and traditional Chinese medicinals. BMC Complementary and Alternative Medicine, 13(1). doi:10.1186\/1472-6882-13-115<\/p>\n<p>KALIMAN, P. (2018). Epigenetics and meditation. Current Opinion in Psychology. doi:10.1016\/j.copsyc.2018.11.010<\/p>\n<p>P\u00d3LROLA, P., Wilk-Franczuk, M., Wilczy\u0144ski, J., Nowak \u2013 Starz, G., G\u00f3ral-P\u00f3\u0142rola, J., Chru\u015bci\u0144ski, G., \u2026 \u017bychowska, M. (2018). Anti-inflammatory effect on genes expression after four days of Qigong training in peripheral mononuclear blood cells in healthy women. Annals of Agricultural and Environmental Medicine. doi:10.26444\/aaem\/85208<\/p>\n","protected":false},"excerpt":{"rendered":"<p>Autora: Dra. Adriane Viapiana Bossa Fisoterapeuta Integrativa | Crefito: 28627F Diretora do Instituto Par Magn\u00e9tico &#8211; IPM https:\/\/institutoparmagnetico.com.br Data de publica\u00e7\u00e3o: 25 de fevereiro de 2024 O Desbloqueio Emocional Magn\u00e9tico&nbsp;[ &hellip; ]<\/p>\n","protected":false},"author":3,"featured_media":1193,"comment_status":"open","ping_status":"open","sticky":false,"template":"","format":"standard","meta":{"_exactmetrics_skip_tracking":false,"_exactmetrics_sitenote_active":false,"_exactmetrics_sitenote_note":"","_exactmetrics_sitenote_category":0,"footnotes":""},"categories":[20],"tags":[35,98,34,41],"class_list":["post-1116","post","type-post","status-publish","format-standard","has-post-thumbnail","hentry","category-desbloqueio-emocional","tag-dem","tag-dem-de-relaxamento","tag-desbloqueio-emocional-magnetico","tag-emocoes","col-sm-6"],"_links":{"self":[{"href":"https:\/\/blog.institutoparmagnetico.com.br\/index.php?rest_route=\/wp\/v2\/posts\/1116","targetHints":{"allow":["GET"]}}],"collection":[{"href":"https:\/\/blog.institutoparmagnetico.com.br\/index.php?rest_route=\/wp\/v2\/posts"}],"about":[{"href":"https:\/\/blog.institutoparmagnetico.com.br\/index.php?rest_route=\/wp\/v2\/types\/post"}],"author":[{"embeddable":true,"href":"https:\/\/blog.institutoparmagnetico.com.br\/index.php?rest_route=\/wp\/v2\/users\/3"}],"replies":[{"embeddable":true,"href":"https:\/\/blog.institutoparmagnetico.com.br\/index.php?rest_route=%2Fwp%2Fv2%2Fcomments&post=1116"}],"version-history":[{"count":4,"href":"https:\/\/blog.institutoparmagnetico.com.br\/index.php?rest_route=\/wp\/v2\/posts\/1116\/revisions"}],"predecessor-version":[{"id":1277,"href":"https:\/\/blog.institutoparmagnetico.com.br\/index.php?rest_route=\/wp\/v2\/posts\/1116\/revisions\/1277"}],"wp:featuredmedia":[{"embeddable":true,"href":"https:\/\/blog.institutoparmagnetico.com.br\/index.php?rest_route=\/wp\/v2\/media\/1193"}],"wp:attachment":[{"href":"https:\/\/blog.institutoparmagnetico.com.br\/index.php?rest_route=%2Fwp%2Fv2%2Fmedia&parent=1116"}],"wp:term":[{"taxonomy":"category","embeddable":true,"href":"https:\/\/blog.institutoparmagnetico.com.br\/index.php?rest_route=%2Fwp%2Fv2%2Fcategories&post=1116"},{"taxonomy":"post_tag","embeddable":true,"href":"https:\/\/blog.institutoparmagnetico.com.br\/index.php?rest_route=%2Fwp%2Fv2%2Ftags&post=1116"}],"curies":[{"name":"wp","href":"https:\/\/api.w.org\/{rel}","templated":true}]}}