{"id":1242,"date":"2024-05-19T07:08:12","date_gmt":"2024-05-19T10:08:12","guid":{"rendered":"https:\/\/blog.institutoparmagnetico.com.br\/?p=1242"},"modified":"2024-05-23T12:37:03","modified_gmt":"2024-05-23T15:37:03","slug":"explorando-as-fronteiras-da-pratica-magnetica-da-bioenergetica-avancada-uma-visao-cientifica","status":"publish","type":"post","link":"https:\/\/blog.institutoparmagnetico.com.br\/?p=1242","title":{"rendered":"Explorando as Fronteiras da Pr\u00e1tica Magn\u00e9tica da Bioenerg\u00e9tica Avan\u00e7ada: Uma Vis\u00e3o Cient\u00edfica"},"content":{"rendered":"<h6>Data de publica\u00e7\u00e3o: 19 de maio de 2024<\/h6>\n<p>A Bioenerg\u00e9tica Avan\u00e7ada \u00e9 uma pr\u00e1tica que se insere no crescente campo das terapias integrativas e complementares, prometendo influenciar positivamente a sa\u00fade e o bem-estar por meio da manipula\u00e7\u00e3o consciente das energias do corpo. Este artigo busca explorar as bases cient\u00edficas por tr\u00e1s da Bioenerg\u00e9tica Avan\u00e7ada, utilizando como ponto de partida o estudo pioneiro de Dean Radin (2006) e colaboradores sobre os efeitos da inten\u00e7\u00e3o na forma\u00e7\u00e3o de cristais de gelo a partir de amostras de \u00e1gua.<\/p>\n<p>Publicado no peri\u00f3dico Explore, o estudo &#8220;Teste Duplo-Cego dos Efeitos da Inten\u00e7\u00e3o Distante na Forma\u00e7\u00e3o de Cristal de \u00c1gua&#8221; por Radin et al. (2006) investigou se a inten\u00e7\u00e3o dirigida poderia influenciar a estrutura f\u00edsica da \u00e1gua. Os pesquisadores compararam cristais de gelo formados a partir de \u00e1gua &#8220;tratada&#8221; com inten\u00e7\u00f5es positivas contra \u00e1gua de controle que n\u00e3o recebeu tais inten\u00e7\u00f5es. Os resultados sugeriram que os cristais de \u00e1gua influenciados intencionalmente exibiam formas mais harmoniosas e esteticamente agrad\u00e1veis, oferecendo um vislumbre intrigante sobre como a consci\u00eancia humana pode interagir com a mat\u00e9ria.<\/p>\n<p>&nbsp;<\/p>\n<p><strong>Fundamenta\u00e7\u00e3o Te\u00f3rica da Bioenerg\u00e9tica Avan\u00e7ada<\/strong><\/p>\n<p>Baseando-se no estudo de Radin e colaboradores, a Bioenerg\u00e9tica Avan\u00e7ada prop\u00f5e que, assim como a inten\u00e7\u00e3o pode influenciar a \u00e1gua, tamb\u00e9m pode ser direcionada para manipular as energias sutis do corpo humano. A pr\u00e1tica utiliza t\u00e9cnicas espec\u00edficas para ajustar e equilibrar o que se acredita ser o campo energ\u00e9tico do corpo, potencialmente impactando a sa\u00fade f\u00edsica e emocional dos indiv\u00edduos.<\/p>\n<p>&nbsp;<\/p>\n<p><strong>Mecanismos Propostos<\/strong><\/p>\n<p>A Bioenerg\u00e9tica Avan\u00e7ada opera com a premissa de que o corpo humano n\u00e3o \u00e9 apenas uma entidade f\u00edsica, mas tamb\u00e9m um complexo sistema de energia. Esta vis\u00e3o \u00e9 suportada por conceitos similares em pr\u00e1ticas como a acupuntura e o Reiki, que consideram a sa\u00fade como um resultado do fluxo harmonioso de energia. T\u00e9cnicas de biofeedback e estudos sobre medita\u00e7\u00e3o tamb\u00e9m fornecem evid\u00eancias de que a mente pode exercer influ\u00eancias significativas sobre o corpo, refor\u00e7ando os princ\u00edpios da Bioenerg\u00e9tica.<\/p>\n<p>&nbsp;<\/p>\n<p><strong>Aplica\u00e7\u00f5es Pr\u00e1ticas e Benef\u00edcios<\/strong><\/p>\n<p>Na pr\u00e1tica cl\u00ednica, terapeutas de Bioenerg\u00e9tica Avan\u00e7ada utilizam uma combina\u00e7\u00e3o de diagn\u00f3stico energ\u00e9tico e interven\u00e7\u00f5es direcionadas para tratar desequil\u00edbrios, que, segundo acredita-se, manifestam-se no campo energ\u00e9tico antes de se tornarem sintomas f\u00edsicos. Essas interven\u00e7\u00f5es podem incluir comandos verbais espec\u00edficos, uso de frequ\u00eancias determinadas e t\u00e9cnicas de visualiza\u00e7\u00e3o para &#8220;reprogramar&#8221; as energias do corpo.<\/p>\n<p>&nbsp;<\/p>\n<p>A pesquisa de Radin et al. (2006) oferece um ponto de partida cient\u00edfico valioso para a investiga\u00e7\u00e3o das intera\u00e7\u00f5es entre inten\u00e7\u00e3o, energia e sa\u00fade. A Bioenerg\u00e9tica Avan\u00e7ada, com suas ra\u00edzes nesses fen\u00f4menos intrigantes, representa um campo fascinante de potencial terap\u00eautico, prometendo expandir nossa compreens\u00e3o de como a mente e o corpo interagem. \u00c0 medida que exploramos estas fronteiras, aproximamo-nos de uma integra\u00e7\u00e3o mais completa das dimens\u00f5es f\u00edsicas e energ\u00e9ticas da sa\u00fade humana.<\/p>\n<p>Bossa, Adriane Viapiana. (2021). Bioenerg\u00e9tica Avan\u00e7ada (3\u00aa ed.). Cascavel, Paran\u00e1, Brasil: Instituto Par Magn\u00e9tico IPM.<\/p>\n<p>Radin, D., Hayssen, G., Emoto, M., &amp; Kizu, T. (2006). Teste duplo-cego dos efeitos da inten\u00e7\u00e3o distante na forma\u00e7\u00e3o de cristal de \u00e1gua. Explore, 2(5), 408-411. https:\/\/doi.org\/10.1016\/j.explore.2006.06.004<\/p>\n","protected":false},"excerpt":{"rendered":"<p>Data de publica\u00e7\u00e3o: 19 de maio de 2024 A Bioenerg\u00e9tica Avan\u00e7ada \u00e9 uma pr\u00e1tica que se insere no crescente campo das terapias integrativas e complementares, prometendo influenciar positivamente a sa\u00fade&nbsp;[ &hellip; ]<\/p>\n","protected":false},"author":3,"featured_media":1249,"comment_status":"open","ping_status":"open","sticky":false,"template":"","format":"standard","meta":{"_exactmetrics_skip_tracking":false,"_exactmetrics_sitenote_active":false,"_exactmetrics_sitenote_note":"","_exactmetrics_sitenote_category":0,"footnotes":""},"categories":[126],"tags":[102,127,129,128],"class_list":["post-1242","post","type-post","status-publish","format-standard","has-post-thumbnail","hentry","category-bioenergetica","tag-bioenergetica","tag-bioenergetica-avancada","tag-energia","tag-reprogramacao","col-sm-6"],"_links":{"self":[{"href":"https:\/\/blog.institutoparmagnetico.com.br\/index.php?rest_route=\/wp\/v2\/posts\/1242","targetHints":{"allow":["GET"]}}],"collection":[{"href":"https:\/\/blog.institutoparmagnetico.com.br\/index.php?rest_route=\/wp\/v2\/posts"}],"about":[{"href":"https:\/\/blog.institutoparmagnetico.com.br\/index.php?rest_route=\/wp\/v2\/types\/post"}],"author":[{"embeddable":true,"href":"https:\/\/blog.institutoparmagnetico.com.br\/index.php?rest_route=\/wp\/v2\/users\/3"}],"replies":[{"embeddable":true,"href":"https:\/\/blog.institutoparmagnetico.com.br\/index.php?rest_route=%2Fwp%2Fv2%2Fcomments&post=1242"}],"version-history":[{"count":1,"href":"https:\/\/blog.institutoparmagnetico.com.br\/index.php?rest_route=\/wp\/v2\/posts\/1242\/revisions"}],"predecessor-version":[{"id":1243,"href":"https:\/\/blog.institutoparmagnetico.com.br\/index.php?rest_route=\/wp\/v2\/posts\/1242\/revisions\/1243"}],"wp:featuredmedia":[{"embeddable":true,"href":"https:\/\/blog.institutoparmagnetico.com.br\/index.php?rest_route=\/wp\/v2\/media\/1249"}],"wp:attachment":[{"href":"https:\/\/blog.institutoparmagnetico.com.br\/index.php?rest_route=%2Fwp%2Fv2%2Fmedia&parent=1242"}],"wp:term":[{"taxonomy":"category","embeddable":true,"href":"https:\/\/blog.institutoparmagnetico.com.br\/index.php?rest_route=%2Fwp%2Fv2%2Fcategories&post=1242"},{"taxonomy":"post_tag","embeddable":true,"href":"https:\/\/blog.institutoparmagnetico.com.br\/index.php?rest_route=%2Fwp%2Fv2%2Ftags&post=1242"}],"curies":[{"name":"wp","href":"https:\/\/api.w.org\/{rel}","templated":true}]}}