{"id":1260,"date":"2024-06-16T07:07:26","date_gmt":"2024-06-16T10:07:26","guid":{"rendered":"https:\/\/blog.institutoparmagnetico.com.br\/?p=1260"},"modified":"2024-06-22T12:59:58","modified_gmt":"2024-06-22T15:59:58","slug":"desbloqueio-emocional-magnetico-dem-fundamentos-neurocientificos-e-beneficios-terapeuticos","status":"publish","type":"post","link":"https:\/\/blog.institutoparmagnetico.com.br\/?p=1260","title":{"rendered":"Desbloqueio Emocional Magn\u00e9tico (DEM): Fundamentos Neurocient\u00edficos e Benef\u00edcios Terap\u00eauticos"},"content":{"rendered":"<h5>POR ADRIANE VIAPIANA BOSSA<br \/>\nDATA: 15\/06\/2024<\/h5>\n<p>O Instituto Par Magn\u00e9tico (IPM) se dedica a promover o bem-estar atrav\u00e9s de Pr\u00e1ticas Integrativas e Complementares Magn\u00e9ticas (PICMAG) que abordam a sa\u00fade de forma hol\u00edstica. Uma das pr\u00e1ticas magn\u00e9ticas inovadoras desenvolvidas pelo IPM \u00e9 o Desbloqueio Emocional Magn\u00e9tico (DEM), que visa promover a sa\u00fade f\u00edsica, emocional e mental, ajudando a resolver bloqueios energ\u00e9ticos que podem causar disfun\u00e7\u00f5es org\u00e2nicas. O DEM utiliza campos magn\u00e9ticos terap\u00eauticos, medita\u00e7\u00e3o, respira\u00e7\u00e3o, princ\u00edpios da bioenerg\u00e9tica e outros m\u00e9todos integrativos para liberar emo\u00e7\u00f5es aprisionadas no corpo.<\/p>\n<p>A compreens\u00e3o da neuroci\u00eancia das emo\u00e7\u00f5es, conforme apresentada no livro &#8220;O C\u00e9rebro e as Emo\u00e7\u00f5es: A Neuroci\u00eancia das Rela\u00e7\u00f5es Humanas&#8221; de Leandro Freitas Oliveira e J\u00falio C. C. Santos, fornece uma base s\u00f3lida para entender os mecanismos subjacentes ao DEM. Vamos explorar como essas \u00e1reas do conhecimento se interconectam e fortalecem a pr\u00e1tica do DEM, oferecendo uma compreens\u00e3o mais profunda de suas bases cient\u00edficas e terap\u00eauticas.<\/p>\n<p>O livro &#8220;O C\u00e9rebro e as Emo\u00e7\u00f5es: A Neuroci\u00eancia das Rela\u00e7\u00f5es Humanas&#8221; foi escrito pelos renomados neurocientistas Prof. Dr. Leandro Freitas Oliveira e Prof. Dr. J\u00falio C. C. Santos. Dr. Oliveira \u00e9 um especialista em neuroci\u00eancias com uma vasta experi\u00eancia em pesquisa sobre o comportamento humano e as intera\u00e7\u00f5es emocionais. Dr. Santos, por sua vez, \u00e9 conhecido por suas contribui\u00e7\u00f5es significativas na \u00e1rea da neuroanatomia e neurofisiologia, focando em como o c\u00e9rebro processa e regula as emo\u00e7\u00f5es. Juntos, eles combinam suas extensas forma\u00e7\u00f5es acad\u00eamicas e pr\u00e1ticas para explorar profundamente as complexidades das emo\u00e7\u00f5es humanas e suas influ\u00eancias nas rela\u00e7\u00f5es interpessoais contribuindo para o melhor entendimento do processo terap\u00eautico do DEM.<\/p>\n<p><strong>As Emo\u00e7\u00f5es e o C\u00e9rebro<\/strong><\/p>\n<p>No livro &#8220;O C\u00e9rebro e as Emo\u00e7\u00f5es&#8221;, Oliveira e Santos discutem como as emo\u00e7\u00f5es s\u00e3o rea\u00e7\u00f5es qu\u00edmicas e neurais que ocorrem em resposta a est\u00edmulos externos e internos. Essas rea\u00e7\u00f5es s\u00e3o essenciais para a sobreviv\u00eancia, mas quando emo\u00e7\u00f5es intensas n\u00e3o s\u00e3o processadas adequadamente, podem ficar &#8220;aprisionadas&#8221; no corpo, causando diversos problemas de sa\u00fade. Essa perspectiva \u00e9 fundamental para o DEM, que busca liberar essas emo\u00e7\u00f5es aprisionadas para restaurar o equil\u00edbrio energ\u00e9tico e emocional.<\/p>\n<p><strong>O Papel dos Neurotransmissores<\/strong><\/p>\n<p>As emo\u00e7\u00f5es s\u00e3o mediadas por neurotransmissores como a dopamina, serotonina, endorfina e ocitocina, que s\u00e3o respons\u00e1veis por sentimentos de prazer, felicidade, relaxamento e liga\u00e7\u00e3o social. A cartilha sobre a qu\u00edmica das emo\u00e7\u00f5es destaca como esses neurotransmissores influenciam nosso humor e comportamento\u200b\u200b. O DEM utiliza essa compreens\u00e3o para trabalhar na libera\u00e7\u00e3o de bloqueios emocionais, ajudando o corpo a retornar a um estado de equil\u00edbrio qu\u00edmico e emocional.<\/p>\n<p><strong>A Bioenerg\u00e9tica e o DEM<\/strong><\/p>\n<p>A bioenerg\u00e9tica, uma ci\u00eancia que estuda as energias vitais do corpo, \u00e9 uma base importante para o DEM. No DEM Avan\u00e7ado, a bioenerg\u00e9tica explora como as emo\u00e7\u00f5es n\u00e3o processadas criam tens\u00f5es musculares e bloqueios energ\u00e9ticos\u200b\u200b. Oliveira e Santos explicam que esses bloqueios podem levar a disfun\u00e7\u00f5es f\u00edsicas e emocionais. O DEM utiliza t\u00e9cnicas de bioenerg\u00e9tica, como a cinesiologia aplicada, para identificar e liberar essas tens\u00f5es, promovendo a cura e o bem-estar.<\/p>\n<p><strong>A Import\u00e2ncia do Campo Eletromagn\u00e9tico Card\u00edaco<\/strong><\/p>\n<p>O campo eletromagn\u00e9tico gerado pelo cora\u00e7\u00e3o \u00e9 crucial na mem\u00f3ria emocional e na libera\u00e7\u00e3o de emo\u00e7\u00f5es aprisionadas. O livro &#8220;O C\u00e9rebro e as Emo\u00e7\u00f5es&#8221; enfatiza a interconex\u00e3o entre o cora\u00e7\u00e3o e o c\u00e9rebro na regula\u00e7\u00e3o emocional. O DEM aproveita essa conex\u00e3o ao utilizar \u00edm\u00e3s terap\u00eauticos e outras ferramentas para harmonizar o campo eletromagn\u00e9tico do corpo, facilitando a libera\u00e7\u00e3o de emo\u00e7\u00f5es reprimidas.<\/p>\n<p><strong>Resson\u00e2ncia Bioenerg\u00e9tica das Emo\u00e7\u00f5es Aprisionadas<\/strong><\/p>\n<p>O DEM aborda o fen\u00f4meno da resson\u00e2ncia bioenerg\u00e9tica, onde cada emo\u00e7\u00e3o aprisionada vibra em uma frequ\u00eancia espec\u00edfica, afetando os tecidos circundantes e potencialmente causando doen\u00e7as\u200b\u200b. Oliveira e Santos mencionam como emo\u00e7\u00f5es n\u00e3o expressas podem se manifestar como sintomas f\u00edsicos, corroborando a abordagem do DEM de tratar esses bloqueios energ\u00e9ticos para prevenir e tratar doen\u00e7as.<\/p>\n<p><strong>Aplica\u00e7\u00f5es Pr\u00e1ticas do DEM<\/strong><\/p>\n<p>As aplica\u00e7\u00f5es do DEM s\u00e3o diversas e incluem t\u00e9cnicas de relaxamento, medita\u00e7\u00e3o, comandos de bioenerg\u00e9tica, respira\u00e7\u00e3o, hologramas, frequ\u00eancias, musicoterapia, \u00f3leos essenciais, cromoterapia e magnetoterapia\u200b\u200b. Essas pr\u00e1ticas ajudam a liberar as emo\u00e7\u00f5es aprisionadas, promovendo a sa\u00fade integral e o autoconhecimento.<\/p>\n<p>A pr\u00e1tica do Desbloqueio Emocional Magn\u00e9tico (DEM) \u00e9 profundamente enriquecida pelos fundamentos neurocient\u00edficos descritos em &#8220;O C\u00e9rebro e as Emo\u00e7\u00f5es&#8221;. A compreens\u00e3o das bases neurobiol\u00f3gicas das emo\u00e7\u00f5es, do estresse e do comportamento humano oferece uma perspectiva mais profunda e eficaz para a aplica\u00e7\u00e3o do DEM. Integrar esses conhecimentos permite aos terapeutas oferecer um tratamento mais completo e eficaz, promovendo a sa\u00fade f\u00edsica, emocional e mental dos pacientes.<\/p>\n<p><strong>Cursos de Forma\u00e7\u00e3o em DEM no Instituto Par Magn\u00e9tico<\/strong><\/p>\n<p>O Instituto Par Magn\u00e9tico oferece cursos de forma\u00e7\u00e3o em Desbloqueio Emocional Magn\u00e9tico (DEM), capacitando profissionais a aplicar essa t\u00e9cnica terap\u00eautica com base nos mais recentes conhecimentos cient\u00edficos. Para mais informa\u00e7\u00f5es sobre os cursos, visite os links abaixo:<\/p>\n<ul>\n<li><a href=\"https:\/\/institutoparmagnetico.com.br\/detalhes_curso\/11\/desbloqueio-emocional-magnetico-dem-inicial\">Curso de DEM Inicial<\/a><\/li>\n<li><a href=\"https:\/\/institutoparmagnetico.com.br\/detalhes_curso\/13\/dem-avancado\">Curso de DEM Avan\u00e7ado<\/a><\/li>\n<\/ul>\n<p><strong>Canal do YouTube da Par Magn\u00e9tico<\/strong><\/p>\n<p>Para complementar o aprendizado, o Instituto Par Magn\u00e9tico possui um canal no YouTube com aulas e conte\u00fados sobre o DEM e outras terapias magn\u00e9ticas. Acesse <a href=\"https:\/\/www.youtube.com\/c\/ParMagn%C3%A9tico\">Par Magn\u00e9tico no YouTube<\/a> para assistir a v\u00eddeos educativos e aprimorar suas habilidades terap\u00eauticas.<\/p>\n<p>A combina\u00e7\u00e3o do DEM com os fundamentos neurocient\u00edficos proporciona uma abordagem terap\u00eautica hol\u00edstica e eficaz, promovendo o equil\u00edbrio emocional e a sa\u00fade integral dos pacientes.<\/p>\n<p>REFER\u00caNCIA<br \/>\nOLIVEIRA, Leandro Freitas; SANTOS, J\u00falio C. C. <strong>O C\u00e9rebro e as Emo\u00e7\u00f5es: A Neuroci\u00eancia das Rela\u00e7\u00f5es Humanas<\/strong>. 1. ed. Bras\u00edlia: Viva Editora, 2021.<\/p>\n<p>&nbsp;<\/p>\n","protected":false},"excerpt":{"rendered":"<p>POR ADRIANE VIAPIANA BOSSA DATA: 15\/06\/2024 O Instituto Par Magn\u00e9tico (IPM) se dedica a promover o bem-estar atrav\u00e9s de Pr\u00e1ticas Integrativas e Complementares Magn\u00e9ticas (PICMAG) que abordam a sa\u00fade de&nbsp;[ &hellip; ]<\/p>\n","protected":false},"author":3,"featured_media":1265,"comment_status":"open","ping_status":"open","sticky":false,"template":"","format":"standard","meta":{"_exactmetrics_skip_tracking":false,"_exactmetrics_sitenote_active":false,"_exactmetrics_sitenote_note":"","_exactmetrics_sitenote_category":0,"footnotes":""},"categories":[20],"tags":[102,77,35,98,72,34,103],"class_list":["post-1260","post","type-post","status-publish","format-standard","has-post-thumbnail","hentry","category-desbloqueio-emocional","tag-bioenergetica","tag-campos-magneticos","tag-dem","tag-dem-de-relaxamento","tag-depressao","tag-desbloqueio-emocional-magnetico","tag-rastreio-de-bioenergetica","col-sm-6"],"_links":{"self":[{"href":"https:\/\/blog.institutoparmagnetico.com.br\/index.php?rest_route=\/wp\/v2\/posts\/1260","targetHints":{"allow":["GET"]}}],"collection":[{"href":"https:\/\/blog.institutoparmagnetico.com.br\/index.php?rest_route=\/wp\/v2\/posts"}],"about":[{"href":"https:\/\/blog.institutoparmagnetico.com.br\/index.php?rest_route=\/wp\/v2\/types\/post"}],"author":[{"embeddable":true,"href":"https:\/\/blog.institutoparmagnetico.com.br\/index.php?rest_route=\/wp\/v2\/users\/3"}],"replies":[{"embeddable":true,"href":"https:\/\/blog.institutoparmagnetico.com.br\/index.php?rest_route=%2Fwp%2Fv2%2Fcomments&post=1260"}],"version-history":[{"count":1,"href":"https:\/\/blog.institutoparmagnetico.com.br\/index.php?rest_route=\/wp\/v2\/posts\/1260\/revisions"}],"predecessor-version":[{"id":1261,"href":"https:\/\/blog.institutoparmagnetico.com.br\/index.php?rest_route=\/wp\/v2\/posts\/1260\/revisions\/1261"}],"wp:featuredmedia":[{"embeddable":true,"href":"https:\/\/blog.institutoparmagnetico.com.br\/index.php?rest_route=\/wp\/v2\/media\/1265"}],"wp:attachment":[{"href":"https:\/\/blog.institutoparmagnetico.com.br\/index.php?rest_route=%2Fwp%2Fv2%2Fmedia&parent=1260"}],"wp:term":[{"taxonomy":"category","embeddable":true,"href":"https:\/\/blog.institutoparmagnetico.com.br\/index.php?rest_route=%2Fwp%2Fv2%2Fcategories&post=1260"},{"taxonomy":"post_tag","embeddable":true,"href":"https:\/\/blog.institutoparmagnetico.com.br\/index.php?rest_route=%2Fwp%2Fv2%2Ftags&post=1260"}],"curies":[{"name":"wp","href":"https:\/\/api.w.org\/{rel}","templated":true}]}}