{"id":1285,"date":"2024-07-21T13:49:42","date_gmt":"2024-07-21T16:49:42","guid":{"rendered":"https:\/\/blog.institutoparmagnetico.com.br\/?p=1285"},"modified":"2024-07-22T08:16:35","modified_gmt":"2024-07-22T11:16:35","slug":"ansiedade-e-uma-emocao-ou-nao-e-uma-emocao","status":"publish","type":"post","link":"https:\/\/blog.institutoparmagnetico.com.br\/?p=1285","title":{"rendered":"Ansiedade \u00e9 uma Emo\u00e7\u00e3o ou N\u00e3o \u00e9 uma Emo\u00e7\u00e3o?"},"content":{"rendered":"<p><strong>Por: Adriane Viapiana Bossa<br \/>\nData: <\/strong><\/p>\n<p>Nos \u00faltimos dias, houve um acalorado debate nas redes sociais sobre a natureza da ansiedade. Enquanto alguns psic\u00f3logos defendem que a ansiedade \u00e9 uma emo\u00e7\u00e3o, outros afirmam que n\u00e3o \u00e9. Essa discuss\u00e3o tem gerado muita controv\u00e9rsia e confus\u00e3o. Mas, afinal, ansiedade \u00e9 uma emo\u00e7\u00e3o?<\/p>\n<p><strong>O que \u00e9 Ansiedade?<\/strong><\/p>\n<p>Ansiedade \u00e9 um estado emocional caracterizado por sentimentos de tens\u00e3o, preocupa\u00e7\u00e3o e apreens\u00e3o, frequentemente acompanhados por sintomas f\u00edsicos, como aumento da frequ\u00eancia card\u00edaca, sudorese e tens\u00e3o muscular. \u00c9 uma resposta natural a situa\u00e7\u00f5es de estresse ou perigo iminente.<\/p>\n<p><strong>Ansiedade como uma Emo\u00e7\u00e3o<\/strong><\/p>\n<p>Muitos psic\u00f3logos modernos consideram a ansiedade uma emo\u00e7\u00e3o devido a v\u00e1rias raz\u00f5es:<\/p>\n<ol>\n<li><strong>Respostas Fisiol\u00f3gicas<\/strong>: Ansiedade provoca mudan\u00e7as fisiol\u00f3gicas no corpo, como aumento da frequ\u00eancia card\u00edaca e sudorese, t\u00edpicas de respostas emocionais.<\/li>\n<li><strong>Componente Experiencial<\/strong>: Assim como outras emo\u00e7\u00f5es, a ansiedade possui um componente subjetivo, com sentimentos espec\u00edficos como preocupa\u00e7\u00e3o e medo.<\/li>\n<li><strong>Fun\u00e7\u00e3o Adaptativa<\/strong>: Evolutivamente, a ansiedade prepara o indiv\u00edduo para lidar com amea\u00e7as futuras, promovendo a vigil\u00e2ncia e prontid\u00e3o.<\/li>\n<li><strong>Express\u00e3o Comportamental<\/strong>: Ansiedade se manifesta atrav\u00e9s de comportamentos observ\u00e1veis, como inquieta\u00e7\u00e3o e evita\u00e7\u00e3o.<\/li>\n<li><strong>Intera\u00e7\u00e3o com Outras Emo\u00e7\u00f5es<\/strong>: Ansiedade frequentemente interage com outras emo\u00e7\u00f5es, influenciando e sendo influenciada por elas.<\/li>\n<li><strong>Regula\u00e7\u00e3o Emocional<\/strong>: Ansiedade \u00e9 alvo de processos de regula\u00e7\u00e3o emocional, onde as pessoas tentam gerenciar seus n\u00edveis de ansiedade.<\/li>\n<li><strong>Rea\u00e7\u00f5es Cognitivas<\/strong>: Envolve rea\u00e7\u00f5es cognitivas como rumina\u00e7\u00e3o e preocupa\u00e7\u00e3o, t\u00edpicas das emo\u00e7\u00f5es.<\/li>\n<li><strong>Estudos Neurobiol\u00f3gicos<\/strong>: Pesquisas mostram que a ansiedade envolve circuitos cerebrais e neurotransmissores comuns a outras emo\u00e7\u00f5es.<\/li>\n<\/ol>\n<p><strong>Ansiedade como um Estado Intensificado do Medo<\/strong><\/p>\n<p>Alguns especialistas argumentam que a ansiedade \u00e9 um estado intensificado do medo. Enquanto o medo \u00e9 uma resposta imediata a uma amea\u00e7a presente, a ansiedade \u00e9 uma resposta antecipat\u00f3ria a uma amea\u00e7a futura ou incerta. Essa vis\u00e3o sugere que a ansiedade \u00e9 derivada do medo, mas n\u00e3o uma emo\u00e7\u00e3o prim\u00e1ria em si.<\/p>\n<p><strong>Psicologia Evolutiva e DEM<\/strong><\/p>\n<p>No contexto do Desbloqueio Emocional Magn\u00e9tico (DEM), baseado na psicologia evolutiva, a ansiedade \u00e9 vista como uma disfun\u00e7\u00e3o da emo\u00e7\u00e3o da surpresa. A surpresa, quando frequente e desproporcional, pode levar a um estado constante de vigil\u00e2ncia e preocupa\u00e7\u00e3o, caracter\u00edsticas da ansiedade.<\/p>\n<p><strong>Rela\u00e7\u00f5es com Emo\u00e7\u00f5es Prim\u00e1rias<\/strong><\/p>\n<p>Dentro do DEM Avan\u00e7ado, a ansiedade \u00e9 analisada em rela\u00e7\u00e3o a outras emo\u00e7\u00f5es prim\u00e1rias, como medo, raiva, tristeza, alegria e nojo:<\/p>\n<ul>\n<li><strong>Surpresa<\/strong>: Pode evoluir para ansiedade quando eventos inesperados s\u00e3o percebidos como amea\u00e7as.<\/li>\n<li><strong>Medo<\/strong>: A ansiedade est\u00e1 intimamente relacionada ao medo, sendo uma resposta antecipat\u00f3ria a amea\u00e7as futuras.<\/li>\n<li><strong>Raiva<\/strong>: Situa\u00e7\u00f5es de frustra\u00e7\u00e3o podem levar a estados de ansiedade.<\/li>\n<li><strong>Tristeza<\/strong>: A perda e o desapontamento podem intensificar a ansiedade.<\/li>\n<li><strong>Alegria<\/strong>: A aus\u00eancia de experi\u00eancias alegres pode contribuir para a ansiedade.<\/li>\n<li><strong>Nojo<\/strong>: Pode ser um gatilho para a ansiedade em contextos de fobias.<\/li>\n<\/ul>\n<p>A ansiedade pode ser vista como um estado emocional derivado ou influenciado por v\u00e1rias emo\u00e7\u00f5es prim\u00e1rias, funcionando como um estado de alerta cont\u00ednuo. Portanto, enquanto a ansiedade pode n\u00e3o ser uma emo\u00e7\u00e3o prim\u00e1ria por si s\u00f3, ela \u00e9 uma resposta emocional complexa e multidimensional que envolve e interage com v\u00e1rias emo\u00e7\u00f5es prim\u00e1rias.<\/p>\n<p>No final das contas, a discuss\u00e3o sobre se a ansiedade \u00e9 ou n\u00e3o uma emo\u00e7\u00e3o depende de como definimos e entendemos as emo\u00e7\u00f5es. Mas \u00e9 claro que a ansiedade \u00e9 uma experi\u00eancia emocional significativa e real para muitos, merecendo aten\u00e7\u00e3o e compreens\u00e3o adequada.<\/p>\n","protected":false},"excerpt":{"rendered":"<p>Por: Adriane Viapiana Bossa Data: Nos \u00faltimos dias, houve um acalorado debate nas redes sociais sobre a natureza da ansiedade. Enquanto alguns psic\u00f3logos defendem que a ansiedade \u00e9 uma emo\u00e7\u00e3o,&nbsp;[ &hellip; ]<\/p>\n","protected":false},"author":3,"featured_media":1288,"comment_status":"open","ping_status":"open","sticky":false,"template":"","format":"standard","meta":{"_exactmetrics_skip_tracking":false,"_exactmetrics_sitenote_active":false,"_exactmetrics_sitenote_note":"","_exactmetrics_sitenote_category":0,"footnotes":""},"categories":[20],"tags":[145,150,146,34,41,148,147,149],"class_list":["post-1285","post","type-post","status-publish","format-standard","has-post-thumbnail","hentry","category-desbloqueio-emocional","tag-ansiedade","tag-comportamento","tag-desbloqueio-emocional","tag-desbloqueio-emocional-magnetico","tag-emocoes","tag-emocoes-primarias","tag-liberacao-emocional","tag-regulacao-emocional","col-sm-6"],"_links":{"self":[{"href":"https:\/\/blog.institutoparmagnetico.com.br\/index.php?rest_route=\/wp\/v2\/posts\/1285","targetHints":{"allow":["GET"]}}],"collection":[{"href":"https:\/\/blog.institutoparmagnetico.com.br\/index.php?rest_route=\/wp\/v2\/posts"}],"about":[{"href":"https:\/\/blog.institutoparmagnetico.com.br\/index.php?rest_route=\/wp\/v2\/types\/post"}],"author":[{"embeddable":true,"href":"https:\/\/blog.institutoparmagnetico.com.br\/index.php?rest_route=\/wp\/v2\/users\/3"}],"replies":[{"embeddable":true,"href":"https:\/\/blog.institutoparmagnetico.com.br\/index.php?rest_route=%2Fwp%2Fv2%2Fcomments&post=1285"}],"version-history":[{"count":3,"href":"https:\/\/blog.institutoparmagnetico.com.br\/index.php?rest_route=\/wp\/v2\/posts\/1285\/revisions"}],"predecessor-version":[{"id":1290,"href":"https:\/\/blog.institutoparmagnetico.com.br\/index.php?rest_route=\/wp\/v2\/posts\/1285\/revisions\/1290"}],"wp:featuredmedia":[{"embeddable":true,"href":"https:\/\/blog.institutoparmagnetico.com.br\/index.php?rest_route=\/wp\/v2\/media\/1288"}],"wp:attachment":[{"href":"https:\/\/blog.institutoparmagnetico.com.br\/index.php?rest_route=%2Fwp%2Fv2%2Fmedia&parent=1285"}],"wp:term":[{"taxonomy":"category","embeddable":true,"href":"https:\/\/blog.institutoparmagnetico.com.br\/index.php?rest_route=%2Fwp%2Fv2%2Fcategories&post=1285"},{"taxonomy":"post_tag","embeddable":true,"href":"https:\/\/blog.institutoparmagnetico.com.br\/index.php?rest_route=%2Fwp%2Fv2%2Ftags&post=1285"}],"curies":[{"name":"wp","href":"https:\/\/api.w.org\/{rel}","templated":true}]}}