{"id":1522,"date":"2025-03-30T06:59:27","date_gmt":"2025-03-30T09:59:27","guid":{"rendered":"https:\/\/blog.institutoparmagnetico.com.br\/?p=1522"},"modified":"2025-03-30T15:49:30","modified_gmt":"2025-03-30T18:49:30","slug":"as-emocoes-e-a-memoria-nos-orgaos-da-pseudociencia-a-validacao-cientifica-2","status":"publish","type":"post","link":"https:\/\/blog.institutoparmagnetico.com.br\/?p=1522","title":{"rendered":"As Emo\u00e7\u00f5es e a Mem\u00f3ria nos \u00d3rg\u00e3os: Da Pseudoci\u00eancia \u00e0 Valida\u00e7\u00e3o Cient\u00edfica"},"content":{"rendered":"<h6><strong>Por: Adriane Viapiana Bossa<br \/>\nData: 30\/03\/2025<\/strong><\/h6>\n<p>Nas \u00faltimas d\u00e9cadas, a ideia de que <strong>o corpo humano possui formas de mem\u00f3ria e intelig\u00eancia distribu\u00eddas al\u00e9m do c\u00e9rebro<\/strong> foi amplamente criticada e, muitas vezes, rejeitada pela comunidade cient\u00edfica. Autores como Bruce Lipton, Candace Pert e Rupert Sheldrake enfrentaram resist\u00eancia por defender conceitos inovadores, como a mem\u00f3ria celular, a intelig\u00eancia da membrana celular e a conex\u00e3o mente-corpo. No entanto, estudos recentes come\u00e7am a trazer evid\u00eancias que sustentam essas ideias, transformando o que antes era visto como pseudoci\u00eancia em possibilidades cient\u00edficas.<\/p>\n<p>Essa mudan\u00e7a de perspectiva \u00e9 uma boa not\u00edcia para pr\u00e1ticas integrativas como o <strong>Desbloqueio Emocional Magn\u00e9tico (DEM)<\/strong>, que reconhecem que emo\u00e7\u00f5es n\u00e3o processadas podem se manifestar fisicamente nos \u00f3rg\u00e3os. Vamos explorar como a ci\u00eancia est\u00e1 avan\u00e7ando nesse campo e por que \u00e9 importante revisitarmos essas teorias.<\/p>\n<p><strong>O Corpo Inteiro como Sistema de Mem\u00f3ria<\/strong><br \/>\nPor muito tempo, acreditou-se que o c\u00e9rebro era o \u00fanico \u00f3rg\u00e3o respons\u00e1vel por armazenar mem\u00f3rias e processar informa\u00e7\u00f5es. Contudo, pesquisas recentes, como a liderada por Nikolay V. Kukushkin, da Universidade de Nova York, demonstram que <strong>c\u00e9lulas fora do c\u00e9rebro tamb\u00e9m possuem a capacidade de &#8220;aprender&#8221; e formar mem\u00f3rias.<\/strong> O estudo mostrou que c\u00e9lulas renais e nervosas ativaram um &#8220;gene de mem\u00f3ria&#8221; semelhante ao encontrado nos neur\u00f4nios, desafiando a vis\u00e3o tradicional de que o c\u00e9rebro \u00e9 o centro exclusivo da mem\u00f3ria e do aprendizado.<\/p>\n<p>Essas descobertas se alinham com as teorias apresentadas por Bruce Lipton em A Biologia da Cren\u00e7a. Lipton j\u00e1 defendia que as c\u00e9lulas, por meio de suas membranas, respondem ao ambiente de forma &#8220;inteligente&#8221;, processando informa\u00e7\u00f5es e armazenando mem\u00f3rias. Embora essas ideias tenham sido inicialmente vistas com ceticismo, a ci\u00eancia atual come\u00e7a a validar a no\u00e7\u00e3o de que o corpo inteiro funciona como um sistema integrado de mem\u00f3ria.<\/p>\n<p><strong>As Emo\u00e7\u00f5es e os \u00d3rg\u00e3os: A Base do DEM<\/strong><br \/>\nO Desbloqueio Emocional Magn\u00e9tico (DEM) \u00e9 uma t\u00e9cnica que reconhece que emo\u00e7\u00f5es n\u00e3o resolvidas podem &#8220;ficar presas&#8221; nos \u00f3rg\u00e3os e tecidos, afetando a sa\u00fade f\u00edsica e emocional. Essa abordagem ressoa com os trabalhos de Candace Pert, que sugeriu que neuropept\u00eddeos\u2014mol\u00e9culas respons\u00e1veis pela comunica\u00e7\u00e3o entre c\u00e9lulas\u2014armazenam informa\u00e7\u00f5es emocionais no corpo. Segundo Pert, <strong>emo\u00e7\u00f5es n\u00e3o processadas podem criar bloqueios qu\u00edmicos e energ\u00e9ticos, impactando \u00f3rg\u00e3os espec\u00edficos.<\/strong><\/p>\n<p>Por exemplo, o DEM trabalha a hip\u00f3tese de que emo\u00e7\u00f5es como tristeza, raiva ou medo podem se manifestar em \u00e1reas como o f\u00edgado, est\u00f4mago ou cora\u00e7\u00e3o, influenciando diretamente a sa\u00fade do paciente. Essa ideia, antes vista como metaf\u00f3rica ou sem base cient\u00edfica, ganha for\u00e7a com os avan\u00e7os em \u00e1reas como a psiconeuroimunologia e os estudos sobre mem\u00f3ria celular.<\/p>\n<p><strong>A Ci\u00eancia Come\u00e7a a Corroborar as Pr\u00e1ticas Integrativas<\/strong><br \/>\nAs novas evid\u00eancias cient\u00edficas que emergem oferecem suporte \u00e0s pr\u00e1ticas integrativas, que historicamente t\u00eam sido marginalizadas. O estudo de Kukushkin, por exemplo, refor\u00e7a a ideia de que c\u00e9lulas n\u00e3o cerebrais podem &#8220;aprender&#8221; e armazenar informa\u00e7\u00f5es, abrindo caminho para entendermos como emo\u00e7\u00f5es e mem\u00f3rias podem residir em todo o corpo.<\/p>\n<p>Al\u00e9m disso, o crescente interesse em epigen\u00e9tica\u2014o estudo de como fatores ambientais e emocionais influenciam a express\u00e3o gen\u00e9tica\u2014demonstra que emo\u00e7\u00f5es e traumas podem deixar marcas duradouras no corpo. Isso \u00e9 crucial para pr\u00e1ticas como o DEM, que busca liberar esses bloqueios emocionais e restabelecer o equil\u00edbrio bioqu\u00edmico e energ\u00e9tico.<\/p>\n<p><strong>De &#8220;Pseudoci\u00eancia&#8221; \u00e0 Nova Fronteira da Ci\u00eancia<\/strong><br \/>\nMuitos autores como Bruce Lipton e Rupert Sheldrake foram rotulados como pseudocientistas por introduzir conceitos que desafiavam os paradigmas tradicionais. No entanto, a hist\u00f3ria da ci\u00eancia est\u00e1 repleta de exemplos de teorias que, inicialmente rejeitadas, mais tarde foram validadas por novas descobertas. \u00c9 o caso da epigen\u00e9tica, que hoje comprova que fatores ambientais e emocionais podem alterar a express\u00e3o gen\u00e9tica, algo que Lipton j\u00e1 apontava h\u00e1 anos.<\/p>\n<p>Agora, com estudos como o de Kukushkin, estamos come\u00e7ando a entender que a mem\u00f3ria e o aprendizado n\u00e3o est\u00e3o confinados ao c\u00e9rebro, mas s\u00e3o propriedades fundamentais de todas as c\u00e9lulas. Essa mudan\u00e7a de paradigma oferece uma base cient\u00edfica para pr\u00e1ticas como o DEM e outras t\u00e9cnicas integrativas, ajudando a remover o estigma de pseudoci\u00eancia e promovendo uma vis\u00e3o hol\u00edstica do corpo humano.<\/p>\n<p><strong><img loading=\"lazy\" decoding=\"async\" class=\" wp-image-1523 alignright\" src=\"https:\/\/blog.institutoparmagnetico.com.br\/wp-content\/uploads\/2025\/02\/Imagem-do-WhatsApp-de-2025-02-17-as-18.04.46_29f539d3.jpg\" alt=\"\" width=\"243\" height=\"381\" srcset=\"https:\/\/blog.institutoparmagnetico.com.br\/wp-content\/uploads\/2025\/02\/Imagem-do-WhatsApp-de-2025-02-17-as-18.04.46_29f539d3.jpg 720w, https:\/\/blog.institutoparmagnetico.com.br\/wp-content\/uploads\/2025\/02\/Imagem-do-WhatsApp-de-2025-02-17-as-18.04.46_29f539d3-191x300.jpg 191w, https:\/\/blog.institutoparmagnetico.com.br\/wp-content\/uploads\/2025\/02\/Imagem-do-WhatsApp-de-2025-02-17-as-18.04.46_29f539d3-652x1024.jpg 652w, https:\/\/blog.institutoparmagnetico.com.br\/wp-content\/uploads\/2025\/02\/Imagem-do-WhatsApp-de-2025-02-17-as-18.04.46_29f539d3-710x1114.jpg 710w\" sizes=\"auto, (max-width: 243px) 100vw, 243px\" \/>O Papel do DEM na Sa\u00fade Integrativa<\/strong><br \/>\nO Desbloqueio Emocional Magn\u00e9tico n\u00e3o apenas ajuda a liberar emo\u00e7\u00f5es presas nos \u00f3rg\u00e3os, mas tamb\u00e9m promove o reequil\u00edbrio energ\u00e9tico e bioqu\u00edmico, potencializando o bem-estar f\u00edsico e emocional. Com o avan\u00e7o da ci\u00eancia, essas t\u00e9cnicas podem ganhar maior aceita\u00e7\u00e3o e integrar abordagens convencionais e complementares na busca por uma sa\u00fade mais hol\u00edstica.<\/p>\n<p>O Instituto Par Magn\u00e9tico continuar\u00e1 a acompanhar e divulgar esses avan\u00e7os, buscando promover pr\u00e1ticas integrativas baseadas em ci\u00eancia e tradi\u00e7\u00e3o. Afinal, o futuro da sa\u00fade est\u00e1 na integra\u00e7\u00e3o entre corpo, mente e energia, onde a ci\u00eancia moderna encontra as pr\u00e1ticas ancestrais.<\/p>\n<p>Estamos vivendo um momento de transi\u00e7\u00e3o na ci\u00eancia, onde paradigmas tradicionais come\u00e7am a ser desafiados e teorias antes marginalizadas ganham suporte cient\u00edfico. <strong>Para o DEM e outras pr\u00e1ticas integrativas, esse \u00e9 um passo importante para legitimar seus benef\u00edcios e torn\u00e1-las mais acess\u00edveis a todos.<\/strong><\/p>\n<p>Se voc\u00ea se interessou por este tema, acompanhe o blog do Instituto Par Magn\u00e9tico para mais artigos sobre ci\u00eancia, sa\u00fade integrativa e pr\u00e1ticas magn\u00e9ticas.<\/p>\n<p>Refer\u00eancia Cient\u00edfica: KUKUSHKIN, N. V. et al. The Memory Mechanisms of Cells Outside the Brain. Nature Communications, 2024. Dispon\u00edvel em: https:\/\/www.nature.com\/articles\/s41467-024-53922-x. Acesso em: 19 nov. 2024.<\/p>\n","protected":false},"excerpt":{"rendered":"<p>Por: Adriane Viapiana Bossa Data: 30\/03\/2025 Nas \u00faltimas d\u00e9cadas, a ideia de que o corpo humano possui formas de mem\u00f3ria e intelig\u00eancia distribu\u00eddas al\u00e9m do c\u00e9rebro foi amplamente criticada e,&nbsp;[ &hellip; ]<\/p>\n","protected":false},"author":3,"featured_media":1565,"comment_status":"open","ping_status":"open","sticky":false,"template":"","format":"standard","meta":{"_exactmetrics_skip_tracking":false,"_exactmetrics_sitenote_active":false,"_exactmetrics_sitenote_note":"","_exactmetrics_sitenote_category":0,"footnotes":""},"categories":[20],"tags":[321,35,98,320,218,34,322,319,250,71,147,117,305,323],"class_list":["post-1522","post","type-post","status-publish","format-standard","has-post-thumbnail","hentry","category-desbloqueio-emocional","tag-curso-de-liberacao-emocional","tag-dem","tag-dem-de-relaxamento","tag-dem-e-ciencia","tag-desafios-emocionais","tag-desbloqueio-emocional-magnetico","tag-emocional","tag-emocoes-nos-orgaos","tag-equilibrio-emocional","tag-inteligencia-emocional","tag-liberacao-emocional","tag-meditacao-guiada","tag-saude-mental","tag-terapeuta-de-dem","col-sm-6"],"_links":{"self":[{"href":"https:\/\/blog.institutoparmagnetico.com.br\/index.php?rest_route=\/wp\/v2\/posts\/1522","targetHints":{"allow":["GET"]}}],"collection":[{"href":"https:\/\/blog.institutoparmagnetico.com.br\/index.php?rest_route=\/wp\/v2\/posts"}],"about":[{"href":"https:\/\/blog.institutoparmagnetico.com.br\/index.php?rest_route=\/wp\/v2\/types\/post"}],"author":[{"embeddable":true,"href":"https:\/\/blog.institutoparmagnetico.com.br\/index.php?rest_route=\/wp\/v2\/users\/3"}],"replies":[{"embeddable":true,"href":"https:\/\/blog.institutoparmagnetico.com.br\/index.php?rest_route=%2Fwp%2Fv2%2Fcomments&post=1522"}],"version-history":[{"count":1,"href":"https:\/\/blog.institutoparmagnetico.com.br\/index.php?rest_route=\/wp\/v2\/posts\/1522\/revisions"}],"predecessor-version":[{"id":1526,"href":"https:\/\/blog.institutoparmagnetico.com.br\/index.php?rest_route=\/wp\/v2\/posts\/1522\/revisions\/1526"}],"wp:featuredmedia":[{"embeddable":true,"href":"https:\/\/blog.institutoparmagnetico.com.br\/index.php?rest_route=\/wp\/v2\/media\/1565"}],"wp:attachment":[{"href":"https:\/\/blog.institutoparmagnetico.com.br\/index.php?rest_route=%2Fwp%2Fv2%2Fmedia&parent=1522"}],"wp:term":[{"taxonomy":"category","embeddable":true,"href":"https:\/\/blog.institutoparmagnetico.com.br\/index.php?rest_route=%2Fwp%2Fv2%2Fcategories&post=1522"},{"taxonomy":"post_tag","embeddable":true,"href":"https:\/\/blog.institutoparmagnetico.com.br\/index.php?rest_route=%2Fwp%2Fv2%2Ftags&post=1522"}],"curies":[{"name":"wp","href":"https:\/\/api.w.org\/{rel}","templated":true}]}}