{"id":1596,"date":"2025-05-18T07:21:06","date_gmt":"2025-05-18T10:21:06","guid":{"rendered":"https:\/\/blog.institutoparmagnetico.com.br\/?p=1596"},"modified":"2025-05-18T11:22:56","modified_gmt":"2025-05-18T14:22:56","slug":"epigenetica-bioenergetica-e-a-protecao-natural-o-papel-da-tela-budica-na-saude-e-no-bem-estar","status":"publish","type":"post","link":"https:\/\/blog.institutoparmagnetico.com.br\/?p=1596","title":{"rendered":"Epigen\u00e9tica Bioenerg\u00e9tica e a Prote\u00e7\u00e3o Natural: O Papel da Tela B\u00fadica na Sa\u00fade e no Bem-Estar"},"content":{"rendered":"<h6>Publicado por: Adriane Viapiana Bossa<\/h6>\n<h6>Data: 18\/05\/2025<\/h6>\n<p>A ci\u00eancia da epigen\u00e9tica tem revolucionado a compreens\u00e3o sobre a influ\u00eancia do ambiente e das emo\u00e7\u00f5es na ativa\u00e7\u00e3o ou inibi\u00e7\u00e3o de genes. Dentro desse contexto, a Epigen\u00e9tica Bioenerg\u00e9tica, terapia naturop\u00e1tica, surge como uma abordagem terap\u00eautica inovadora, baseada na modula\u00e7\u00e3o da express\u00e3o g\u00eanica atrav\u00e9s de est\u00edmulos bioenerg\u00e9ticos. Essa pr\u00e1tica n\u00e3o apenas busca a <strong>preven\u00e7\u00e3o e o tratamento de doen\u00e7as heredit\u00e1rias e epigen\u00e9ticas,<\/strong> mas tamb\u00e9m promove um equil\u00edbrio integral do organismo.<\/p>\n<p>Um dos elementos fundamentais dessa terapia \u00e9 a <strong>Prote\u00e7\u00e3o Natural<\/strong>, tamb\u00e9m conhecida como <strong>Tela B\u00fadica.<\/strong> Este campo energ\u00e9tico protetor atua como um filtro eletroespiritual supra divino, impedindo a entrada de influ\u00eancias externas negativas e transformando energias desqualificadas em luz e harmonia para o corpo e a mente.<\/p>\n<h3>Epigen\u00e9tica Bioenerg\u00e9tica: Como Funciona? <img loading=\"lazy\" decoding=\"async\" class=\"alignright wp-image-1597\" title=\"https:\/\/institutoparmagnetico.com.br\/detalhes_curso\/8\/epigenetica-bioenergetica\" src=\"https:\/\/blog.institutoparmagnetico.com.br\/wp-content\/uploads\/2025\/04\/6-gallery-img-2025-04-23-20-13-29.jpg\" alt=\"\" width=\"419\" height=\"105\" srcset=\"https:\/\/blog.institutoparmagnetico.com.br\/wp-content\/uploads\/2025\/04\/6-gallery-img-2025-04-23-20-13-29.jpg 2000w, https:\/\/blog.institutoparmagnetico.com.br\/wp-content\/uploads\/2025\/04\/6-gallery-img-2025-04-23-20-13-29-300x75.jpg 300w, https:\/\/blog.institutoparmagnetico.com.br\/wp-content\/uploads\/2025\/04\/6-gallery-img-2025-04-23-20-13-29-1024x256.jpg 1024w, https:\/\/blog.institutoparmagnetico.com.br\/wp-content\/uploads\/2025\/04\/6-gallery-img-2025-04-23-20-13-29-768x192.jpg 768w, https:\/\/blog.institutoparmagnetico.com.br\/wp-content\/uploads\/2025\/04\/6-gallery-img-2025-04-23-20-13-29-1536x384.jpg 1536w, https:\/\/blog.institutoparmagnetico.com.br\/wp-content\/uploads\/2025\/04\/6-gallery-img-2025-04-23-20-13-29-710x178.jpg 710w\" sizes=\"auto, (max-width: 419px) 100vw, 419px\" \/><\/h3>\n<p>A Epigen\u00e9tica Bioenerg\u00e9tica prop\u00f5e que as doen\u00e7as n\u00e3o s\u00e3o apenas resultado de uma predisposi\u00e7\u00e3o gen\u00e9tica, mas sim da ativa\u00e7\u00e3o de marcas epigen\u00e9ticas herdadas. Essas marcas podem ser ativadas ou desativadas por fatores emocionais, ambientais e bioenerg\u00e9ticos. Assim, a terapia bioenerg\u00e9tica atua para:<\/p>\n<ul>\n<li>Identificar e desativar padr\u00f5es epigen\u00e9ticos nocivos, impedindo a express\u00e3o de doen\u00e7as heredit\u00e1rias.<\/li>\n<li>Promover o desbloqueio emocional magn\u00e9tico (DEM), liberando traumas e emo\u00e7\u00f5es que ativam genes de doen\u00e7as.<\/li>\n<li>Reorganizar a frequ\u00eancia energ\u00e9tica do organismo, estimulando um novo padr\u00e3o de sa\u00fade e bem-estar.<\/li>\n<\/ul>\n<p>O tratamento ocorre por meio da aplica\u00e7\u00e3o de hologramas bioenerg\u00e9ticos, compostos por campos magn\u00e9ticos est\u00e1ticos (CME) de intensidade controlada. Esses hologramas estimulam a reconex\u00e3o do indiv\u00edduo com frequ\u00eancias vibracionais superiores, <strong>favorecendo a sa\u00fade a n\u00edvel celular.<\/strong><\/p>\n<h3>Prote\u00e7\u00e3o Natural e a Tela B\u00fadica: O Escudo Energ\u00e9tico da Sa\u00fade<\/h3>\n<p>A Tela B\u00fadica, tamb\u00e9m chamada de Prote\u00e7\u00e3o Natural, \u00e9 uma estrutura bioenerg\u00e9tica de alta voltagem eletroespiritual que funciona como um filtro no campo energ\u00e9tico humano. Sua fun\u00e7\u00e3o n\u00e3o \u00e9 apenas de prote\u00e7\u00e3o, mas tamb\u00e9m de transmuta\u00e7\u00e3o e sublima\u00e7\u00e3o, convertendo energias densas em vibra\u00e7\u00f5es elevadas e ben\u00e9ficas para o organismo.<\/p>\n<p><strong>Principais Fun\u00e7\u00f5es da Tela B\u00fadica:<\/strong><\/p>\n<ul>\n<li><strong>Filtragem Energ\u00e9tica<\/strong>: Atua como um escudo que impede a absor\u00e7\u00e3o de energias externas nocivas.<\/li>\n<li><strong>Transmuta\u00e7\u00e3o Vibracional<\/strong>: Converte padr\u00f5es energ\u00e9ticos dissonantes em luz e amor, nutrindo as c\u00e9lulas e fortalecendo o sistema imunol\u00f3gico.<\/li>\n<li><strong>Preserva\u00e7\u00e3o da Individualidade Energ\u00e9tica:<\/strong> Protege o ser humano contra influ\u00eancias externas que possam afetar suas decis\u00f5es, emo\u00e7\u00f5es e comportamento.<\/li>\n<li><strong>Indicador de Sa\u00fade Bioenerg\u00e9tica:<\/strong> Seu n\u00edvel de integridade pode ser avaliado em uma escala de 0 a 10, onde valores abaixo de 7 indicam vulnerabilidade energ\u00e9tica.<\/li>\n<li><strong>Preven\u00e7\u00e3o de Doen\u00e7as Epigen\u00e9ticas<\/strong>: Mant\u00e9m a coer\u00eancia energ\u00e9tica do organismo, reduzindo a ativa\u00e7\u00e3o de marcas epigen\u00e9ticas herdadas.<\/li>\n<\/ul>\n<p><strong>Como Fortalecer a Tela B\u00fadica?<\/strong><br \/>\nA manuten\u00e7\u00e3o e o fortalecimento da Tela B\u00fadica s\u00e3o essenciais para garantir um campo energ\u00e9tico equilibrado. Algumas pr\u00e1ticas recomendadas incluem:<\/p>\n<p>Sess\u00f5es de Epigen\u00e9tica Bioenerg\u00e9tica, que ajudam a restaurar a prote\u00e7\u00e3o natural. A terapia pode ser integrada com outras pr\u00e1ticas magn\u00e9ticas como:<\/p>\n<ul>\n<li>DEM de Relaxamento: para manter a frequ\u00eancia vibracional elevada.<\/li>\n<li>Pr\u00e1ticas de bioenergia e desbloqueio emocional magn\u00e9tico (DEM), para liberar traumas e emo\u00e7\u00f5es armazenadas.<\/li>\n<\/ul>\n<p>Estas pr\u00e1ticas ajustam o biocampo evitando que ambientes e intera\u00e7\u00f5es drenem energia, preservando desta forma a integridade do campo bioenerg\u00e9tico.<\/p>\n<p>Desenvolvida pela Dra. Adriane Viapiana Bossa, pesquisadora e professoras das pr\u00e1ticas magn\u00e9ticas, a <strong>Epigen\u00e9tica Bioenerg\u00e9tica<\/strong> representa um avan\u00e7o significativo na compreens\u00e3o da rela\u00e7\u00e3o entre emo\u00e7\u00f5es, ambiente e sa\u00fade gen\u00e9tica. O fortalecimento da Tela B\u00fadica desempenha um papel essencial nesse processo, atuando como um filtro natural que protege, transmuta e eleva a energia do indiv\u00edduo.<\/p>\n<p>Ao integrar essa abordagem terap\u00eautica, \u00e9 poss\u00edvel n\u00e3o apenas prevenir e tratar doen\u00e7as heredit\u00e1rias e epigen\u00e9ticas, mas tamb\u00e9m promover um estado de equil\u00edbrio, vitalidade e evolu\u00e7\u00e3o espiritual. No Instituto Par Magn\u00e9tico (IPM), continuamos a desenvolver e aprimorar essa ci\u00eancia para oferecer tratamentos que respeitam a individualidade energ\u00e9tica de cada ser humano, garantindo sa\u00fade e bem-estar para esta e para as futuras gera\u00e7\u00f5es.<\/p>\n<p>\ud83d\udccd Quer saber mais sobre a Epigen\u00e9tica Bioenerg\u00e9tica e como fortalecer sua prote\u00e7\u00e3o natural? Conhe\u00e7a esse curso transformador, <a href=\"https:\/\/institutoparmagnetico.com.br\/detalhes_curso\/8\/epigenetica-bioenergetica\" target=\"_blank\" rel=\"noopener\">clicando aqui<\/a><\/p>\n","protected":false},"excerpt":{"rendered":"<p>Publicado por: Adriane Viapiana Bossa Data: 18\/05\/2025 A ci\u00eancia da epigen\u00e9tica tem revolucionado a compreens\u00e3o sobre a influ\u00eancia do ambiente e das emo\u00e7\u00f5es na ativa\u00e7\u00e3o ou inibi\u00e7\u00e3o de genes. Dentro&nbsp;[ &hellip; ]<\/p>\n","protected":false},"author":3,"featured_media":1625,"comment_status":"open","ping_status":"open","sticky":false,"template":"","format":"standard","meta":{"_exactmetrics_skip_tracking":false,"_exactmetrics_sitenote_active":false,"_exactmetrics_sitenote_note":"","_exactmetrics_sitenote_category":0,"footnotes":""},"categories":[206],"tags":[472,469,79,94,470,471],"class_list":["post-1596","post","type-post","status-publish","format-standard","has-post-thumbnail","hentry","category-epigenetica-bioenergetica","tag-como-melhorar-a-familia","tag-como-mudar-a-epigenetica","tag-epigenetica","tag-epigenetica-bioenergetica","tag-modular-epigenetica","tag-terapia-para-casais-que-querem-engravidar","col-sm-6"],"_links":{"self":[{"href":"https:\/\/blog.institutoparmagnetico.com.br\/index.php?rest_route=\/wp\/v2\/posts\/1596","targetHints":{"allow":["GET"]}}],"collection":[{"href":"https:\/\/blog.institutoparmagnetico.com.br\/index.php?rest_route=\/wp\/v2\/posts"}],"about":[{"href":"https:\/\/blog.institutoparmagnetico.com.br\/index.php?rest_route=\/wp\/v2\/types\/post"}],"author":[{"embeddable":true,"href":"https:\/\/blog.institutoparmagnetico.com.br\/index.php?rest_route=\/wp\/v2\/users\/3"}],"replies":[{"embeddable":true,"href":"https:\/\/blog.institutoparmagnetico.com.br\/index.php?rest_route=%2Fwp%2Fv2%2Fcomments&post=1596"}],"version-history":[{"count":2,"href":"https:\/\/blog.institutoparmagnetico.com.br\/index.php?rest_route=\/wp\/v2\/posts\/1596\/revisions"}],"predecessor-version":[{"id":1599,"href":"https:\/\/blog.institutoparmagnetico.com.br\/index.php?rest_route=\/wp\/v2\/posts\/1596\/revisions\/1599"}],"wp:featuredmedia":[{"embeddable":true,"href":"https:\/\/blog.institutoparmagnetico.com.br\/index.php?rest_route=\/wp\/v2\/media\/1625"}],"wp:attachment":[{"href":"https:\/\/blog.institutoparmagnetico.com.br\/index.php?rest_route=%2Fwp%2Fv2%2Fmedia&parent=1596"}],"wp:term":[{"taxonomy":"category","embeddable":true,"href":"https:\/\/blog.institutoparmagnetico.com.br\/index.php?rest_route=%2Fwp%2Fv2%2Fcategories&post=1596"},{"taxonomy":"post_tag","embeddable":true,"href":"https:\/\/blog.institutoparmagnetico.com.br\/index.php?rest_route=%2Fwp%2Fv2%2Ftags&post=1596"}],"curies":[{"name":"wp","href":"https:\/\/api.w.org\/{rel}","templated":true}]}}