{"id":1661,"date":"2025-09-07T07:30:15","date_gmt":"2025-09-07T10:30:15","guid":{"rendered":"https:\/\/blog.institutoparmagnetico.com.br\/?p=1661"},"modified":"2025-09-09T15:34:44","modified_gmt":"2025-09-09T18:34:44","slug":"o-tempo-das-emocoes-onda-vibracao-e-o-papel-das-picmag-no-equilibrio-emocional","status":"publish","type":"post","link":"https:\/\/blog.institutoparmagnetico.com.br\/?p=1661","title":{"rendered":"O Tempo das Emo\u00e7\u00f5es: Onda, Vibra\u00e7\u00e3o e o Papel das PICMAG no Equil\u00edbrio Emocional"},"content":{"rendered":"<h6>Por Adriane Viapiana Bossa | IPM \u2013 Instituto Par Magn\u00e9tico<\/h6>\n<h6>Data: 07\/09\/2025<\/h6>\n<p>As emo\u00e7\u00f5es s\u00e3o como ondas. Elas surgem, crescem, atingem um pico, e, quando permitimos, dissipam-se naturalmente. Mas o que acontece quando n\u00e3o as deixamos ir? Quando as alimentamos com pensamentos recorrentes, quando revivemos o medo, a raiva, a tristeza? Nesse ponto, a emo\u00e7\u00e3o deixa de ser um fen\u00f4meno transit\u00f3rio e passa a influenciar profundamente o corpo, a mente e o campo vibracional.<\/p>\n<p>Este artigo vai <strong>explorar a rela\u00e7\u00e3o entre emo\u00e7\u00e3o, tempo e vibra\u00e7\u00e3o<\/strong> \u2014 e como as Pr\u00e1ticas Integrativas e Complementares Magn\u00e9ticas (PICMAG) podem ajudar a restabelecer o equil\u00edbrio energ\u00e9tico e emocional.<\/p>\n<h3>1. Emo\u00e7\u00f5es s\u00e3o ondas: frequ\u00eancia, amplitude e dura\u00e7\u00e3o<\/h3>\n<p>As emo\u00e7\u00f5es s\u00e3o fen\u00f4menos eletroqu\u00edmicos e eletromagn\u00e9ticos. Podemos represent\u00e1-las como ondas, com caracter\u00edsticas espec\u00edficas:<br \/>\n\u2022 <strong>Frequ\u00eancia<\/strong>: indica a qualidade da emo\u00e7\u00e3o. Emo\u00e7\u00f5es como gratid\u00e3o, amor e alegria vibram em frequ\u00eancias mais altas; raiva, medo e culpa t\u00eam frequ\u00eancias mais baixas.<br \/>\n\u2022 <strong>Amplitude<\/strong>: representa a intensidade. Uma raiva passageira pode ter pequena amplitude; uma explos\u00e3o de f\u00faria, uma amplitude elevada.<br \/>\n\u2022 <strong>Dura\u00e7\u00e3o<\/strong>: refere-se ao tempo em que a emo\u00e7\u00e3o permanece ativa no corpo e no campo energ\u00e9tico.<\/p>\n<p>De acordo com a neurocientista Jill Bolte Taylor, uma emo\u00e7\u00e3o dura cerca de 90 segundos no corpo, desde o gatilho at\u00e9 o fim da resposta bioqu\u00edmica. <strong>Tudo o que permanece al\u00e9m disso \u00e9 resultado da repeti\u00e7\u00e3o mental, da rumina\u00e7\u00e3o, da n\u00e3o aceita\u00e7\u00e3o.<\/strong><\/p>\n<h3>2. Metabolizar a emo\u00e7\u00e3o ou permanecer no ressentimento<\/h3>\n<p>Uma emo\u00e7\u00e3o metabolizada \u00e9 como uma onda que vem e vai. Ela cumpre sua fun\u00e7\u00e3o adaptativa e deixa o sistema mais resiliente.<\/p>\n<p>J\u00e1 uma emo\u00e7\u00e3o que \u00e9 alimentada por pensamentos constantes, n\u00e3o metabolizada, se torna uma vibra\u00e7\u00e3o constante. Passa a impactar:<br \/>\n\u2022 <strong>A bioqu\u00edmica corporal<\/strong>, gerando inflama\u00e7\u00f5es, desregula\u00e7\u00f5es hormonais e dist\u00farbios do sistema nervoso aut\u00f4nomo;<br \/>\n\u2022 <strong>O campo eletromagn\u00e9tico<\/strong>, desorganizando a coer\u00eancia do cora\u00e7\u00e3o e do c\u00e9rebro;<br \/>\n\u2022 A<strong> energia vital,<\/strong> que se contrai, bloqueia e cria padr\u00f5es de estagna\u00e7\u00e3o emocional.<\/p>\n<p>Assim nasce o desequil\u00edbrio emocional \u2014 que, mantido ao longo do tempo, evolui para sofrimento ps\u00edquico.<\/p>\n<h3>3. Do desequil\u00edbrio emocional ao sofrimento ps\u00edquico<\/h3>\n<p>Quando uma emo\u00e7\u00e3o n\u00e3o \u00e9 digerida, ela se transforma num padr\u00e3o vibracional. O corpo entra em um estado de sobreviv\u00eancia constante, marcado por:<br \/>\n<strong>\u2022 Hipervigil\u00e2ncia, ansiedade, ins\u00f4nia;<\/strong><br \/>\n<strong>\u2022 Cansa\u00e7o extremo, dores inexplic\u00e1veis, altera\u00e7\u00f5es de humor;<\/strong><br \/>\n<strong>\u2022 Isolamento, compuls\u00f5es, sintomas depressivos.<\/strong><\/p>\n<p>Esse estado afeta a capacidade de amar, confiar, criar e se relacionar \u2014 e \u00e9 justamente isso que chamamos de sofrimento ps\u00edquico.<\/p>\n<p>\u201cSofrimento ps\u00edquico \u00e9 o desequil\u00edbrio emocional mantido no tempo, sem metaboliza\u00e7\u00e3o energ\u00e9tica, ps\u00edquica e corporal.\u201d<\/p>\n<h3>4. Emo\u00e7\u00f5es e o campo vibracional: atra\u00e7\u00e3o e repuls\u00e3o<\/h3>\n<p>As emo\u00e7\u00f5es que sustentamos moldam o nosso campo vibracional. E este campo funciona como um \u00edm\u00e3, atraindo ou repelindo experi\u00eancias, pessoas e circunst\u00e2ncias.<\/p>\n<p>Por isso, <strong>ao cultivarmos emo\u00e7\u00f5es elevadas \u2014 como gratid\u00e3o, compaix\u00e3o, perd\u00e3o \u2014 ajustamos nosso campo a frequ\u00eancias mais elevadas, coerentes, e abrimos espa\u00e7o para novos caminhos.<\/strong><\/p>\n<p>Isso n\u00e3o \u00e9 \u201cpensamento positivo\u201d. \u00c9 neurofisiologia, bioenergia e campo magn\u00e9tico pessoal atuando em sincronia.<\/p>\n<h3>5. Como as PICMAG ajudam no equil\u00edbrio emocional<\/h3>\n<p>As Pr\u00e1ticas Integrativas e Complementares Magn\u00e9ticas (PICMAG) atuam diretamente na regula\u00e7\u00e3o vibracional, emocional e energ\u00e9tica. Destacamos aqui tr\u00eas abordagens:<\/p>\n<p><strong>a) Biomagnetismo Medicinal<\/strong><\/p>\n<p>Detecta e corrige desequil\u00edbrios nos campos magn\u00e9ticos do corpo. Ajuda a restaurar a homeostase eletromagn\u00e9tica e pode liberar bloqueios associados a traumas emocionais cristalizados.<\/p>\n<p><strong>b) Desbloqueio Emocional Magn\u00e9tico (DEM)<\/strong><\/p>\n<p>Trabalha com \u00edm\u00e3s, frequ\u00eancias e comandos para dissolver emo\u00e7\u00f5es reprimidas. Atua como um \u201cdigestor\u201d vibracional de experi\u00eancias mal resolvidas, devolvendo fluidez ao campo energ\u00e9tico.<\/p>\n<p><strong>c) Novas Percep\u00e7\u00f5es Neuronais (NPN)<\/strong><\/p>\n<p>Promove a mudan\u00e7a da percep\u00e7\u00e3o interna em rela\u00e7\u00e3o ao evento emocional. Ajuda a quebrar o ciclo de rumina\u00e7\u00e3o e ressentimento, estimulando novas redes neurais e novas respostas emocionais.<\/p>\n<h3>6. Emo\u00e7\u00f5es como caminho e n\u00e3o como pris\u00e3o<\/h3>\n<p>As emo\u00e7\u00f5es s\u00e3o portais. Quando acolhidas, metabolizadas e liberadas, nos curam. Quando reprimidas, ressentidas ou negadas, nos aprisionam.<\/p>\n<p>As PICMAG nos ajudam a transformar dor em sabedoria, emo\u00e7\u00e3o em energia vital, sofrimento em processo de cura.<\/p>\n<blockquote><p><strong>\u201cVoc\u00ea n\u00e3o \u00e9 a sua raiva, o seu medo ou a sua tristeza.<\/strong><br \/>\n<strong>Voc\u00ea \u00e9 o campo que sente, transforma e libera.<\/strong><br \/>\n<strong>E esse campo pode ser nutrido, regulado e expandido.\u201d<\/strong><\/p><\/blockquote>\n<p>&nbsp;<\/p>\n<p>Saiba mais sobre as terapias magn\u00e9ticas em <a href=\"https:\/\/loja.institutoparmagnetico.com.br\/\" target=\"_blank\" rel=\"noopener\">nosso site<\/a><\/p>\n","protected":false},"excerpt":{"rendered":"<p>Por Adriane Viapiana Bossa | IPM \u2013 Instituto Par Magn\u00e9tico Data: 07\/09\/2025 As emo\u00e7\u00f5es s\u00e3o como ondas. Elas surgem, crescem, atingem um pico, e, quando permitimos, dissipam-se naturalmente. Mas o&nbsp;[ &hellip; ]<\/p>\n","protected":false},"author":3,"featured_media":1675,"comment_status":"open","ping_status":"open","sticky":false,"template":"","format":"standard","meta":{"_exactmetrics_skip_tracking":false,"_exactmetrics_sitenote_active":false,"_exactmetrics_sitenote_note":"","_exactmetrics_sitenote_category":0,"footnotes":""},"categories":[20,136,265],"tags":[599,29,595,35,34,41,250,597,598,83,600,482,138,137,267,394,601,594,464,461,485,596],"class_list":["post-1661","post","type-post","status-publish","format-standard","has-post-thumbnail","hentry","category-desbloqueio-emocional","category-novas-percepcoes-neuronais-npn","category-picmag","tag-amor","tag-biomagnetismo-medicinal","tag-campo-vibracional","tag-dem","tag-desbloqueio-emocional-magnetico","tag-emocoes","tag-equilibrio-emocional","tag-frequencia-emocional","tag-gratidao","tag-instituto-par-magnetico","tag-medo","tag-neurociencia-das-emocoes","tag-novas-percepcoes-neuronais","tag-npn","tag-picmag","tag-praticas-integrativas-magneticas","tag-raiva","tag-sofrimento-psiquico","tag-terapias-energeticas","tag-terapias-naturais","tag-tristeza","tag-vibracao-energetica","col-sm-6"],"_links":{"self":[{"href":"https:\/\/blog.institutoparmagnetico.com.br\/index.php?rest_route=\/wp\/v2\/posts\/1661","targetHints":{"allow":["GET"]}}],"collection":[{"href":"https:\/\/blog.institutoparmagnetico.com.br\/index.php?rest_route=\/wp\/v2\/posts"}],"about":[{"href":"https:\/\/blog.institutoparmagnetico.com.br\/index.php?rest_route=\/wp\/v2\/types\/post"}],"author":[{"embeddable":true,"href":"https:\/\/blog.institutoparmagnetico.com.br\/index.php?rest_route=\/wp\/v2\/users\/3"}],"replies":[{"embeddable":true,"href":"https:\/\/blog.institutoparmagnetico.com.br\/index.php?rest_route=%2Fwp%2Fv2%2Fcomments&post=1661"}],"version-history":[{"count":1,"href":"https:\/\/blog.institutoparmagnetico.com.br\/index.php?rest_route=\/wp\/v2\/posts\/1661\/revisions"}],"predecessor-version":[{"id":1662,"href":"https:\/\/blog.institutoparmagnetico.com.br\/index.php?rest_route=\/wp\/v2\/posts\/1661\/revisions\/1662"}],"wp:featuredmedia":[{"embeddable":true,"href":"https:\/\/blog.institutoparmagnetico.com.br\/index.php?rest_route=\/wp\/v2\/media\/1675"}],"wp:attachment":[{"href":"https:\/\/blog.institutoparmagnetico.com.br\/index.php?rest_route=%2Fwp%2Fv2%2Fmedia&parent=1661"}],"wp:term":[{"taxonomy":"category","embeddable":true,"href":"https:\/\/blog.institutoparmagnetico.com.br\/index.php?rest_route=%2Fwp%2Fv2%2Fcategories&post=1661"},{"taxonomy":"post_tag","embeddable":true,"href":"https:\/\/blog.institutoparmagnetico.com.br\/index.php?rest_route=%2Fwp%2Fv2%2Ftags&post=1661"}],"curies":[{"name":"wp","href":"https:\/\/api.w.org\/{rel}","templated":true}]}}