{"id":1713,"date":"2025-11-23T06:51:04","date_gmt":"2025-11-23T09:51:04","guid":{"rendered":"https:\/\/blog.institutoparmagnetico.com.br\/?p=1713"},"modified":"2025-11-24T14:10:21","modified_gmt":"2025-11-24T17:10:21","slug":"alzheimer-nova-teoria-cientifica-confirma-o-que-o-biomagnetismo-ja-enxergava-ha-anos","status":"publish","type":"post","link":"https:\/\/blog.institutoparmagnetico.com.br\/?p=1713","title":{"rendered":"Alzheimer: Nova Teoria Cient\u00edfica Confirma o que o Biomagnetismo J\u00e1 Enxergava h\u00e1 Anos"},"content":{"rendered":"<p>Publicado por: Adriane Viapiana Bossa<\/p>\n<p>Data: 23\/11\/25<\/p>\n<p>Durante d\u00e9cadas, a medicina tradicional associou o Alzheimer ao ac\u00famulo de placas beta-amiloides no c\u00e9rebro, tratando esse ac\u00famulo como causa direta da doen\u00e7a. Mas um artigo recente, que re\u00fane mais de 30 anos de pesquisa acumulada, est\u00e1 desafiando esse paradigma: e se o Alzheimer n\u00e3o for exatamente uma doen\u00e7a cerebral degenerativa, mas sim uma doen\u00e7a autoimune do c\u00e9rebro?<\/p>\n<p>Essa nova hip\u00f3tese muda tudo. E para n\u00f3s, biomagnetistas, ela confirma aquilo que os rastreios energ\u00e9ticos j\u00e1 vinham revelando h\u00e1 anos.<\/p>\n<p><strong>Beta-Amiloide: de vil\u00e3o a defensor mal interpretado<\/strong><\/p>\n<p>Segundo os pesquisadores, o beta-amiloide pode, na verdade, ser uma ferramenta do sistema imune do c\u00e9rebro \u2014 uma tentativa de proteger o sistema nervoso contra les\u00f5es e infec\u00e7\u00f5es.<br \/>\nNo entanto, como as membranas das bact\u00e9rias s\u00e3o extremamente parecidas com as das c\u00e9lulas cerebrais, o sistema imunol\u00f3gico comete um erro de reconhecimento e acaba atacando o pr\u00f3prio tecido cerebral. \u00c9 o que se chama de autoimunidade silenciosa.<\/p>\n<h4>O que o Biomagnetismo j\u00e1 mostrava nos rastreios?<\/h4>\n<p>Dentro do Biomagnetismo Medicinal, identificamos disfun\u00e7\u00f5es bioel\u00e9tricas e magn\u00e9ticas antes que a patologia se manifeste fisicamente.<br \/>\nQuantos de n\u00f3s j\u00e1 rastreamos pares biomagn\u00e9ticos associados \u00e0 doen\u00e7a de Alzheimer em pacientes jovens, sem hist\u00f3rico cl\u00ednico aparente, sem sintomas cognitivos?<br \/>\nE quantas vezes nos perguntaram:<br \/>\n\u2014 \u201cMas por que apareceu esse par se eu n\u00e3o tenho Alzheimer?\u201d<\/p>\n<p>A resposta agora fica mais clara: os pares n\u00e3o est\u00e3o ligados \u00e0 doen\u00e7a j\u00e1 desenvolvida, mas \u00e0 instabilidade energ\u00e9tica que antecede seu aparecimento.<br \/>\n\u00c9 um campo vibracional em desequil\u00edbrio, um sinal de que o corpo est\u00e1 reagindo, tentando compensar algo \u2014 como, por exemplo, um processo inflamat\u00f3rio cr\u00f4nico ou um erro imunol\u00f3gico em forma\u00e7\u00e3o.<\/p>\n<h3>Neuroinflama\u00e7\u00e3o e microgliose: o c\u00e9rebro avisa antes de colapsar<\/h3>\n<p>Estudos com aut\u00f3psias revelaram que mais de 40% dos c\u00e9rebros analisados apresentavam sinais de neuroinflama\u00e7\u00e3o severa, mesmo em pessoas que nunca demonstraram sintomas.<br \/>\nO processo \u00e9 silencioso, lento, mas extremamente danoso. E \u00e9 justamente esse colapso bioenerg\u00e9tico silencioso que o rastreio biomagn\u00e9tico consegue captar com anos de anteced\u00eancia.<\/p>\n<h3>O papel das PICMAG frente a esse novo paradigma<\/h3>\n<p>Com as Pr\u00e1ticas Integrativas e Complementares Magn\u00e9ticas (PICMAG), como o <strong>Biomagnetismo Medicinal, o Desbloqueio Emocional Magn\u00e9tico (DEM) e a Epigen\u00e9tica Bioenerg\u00e9tica<\/strong>, conseguimos:<br \/>\n\u2022 Atuar sobre os pares que indicam desequil\u00edbrios neuroimunes;<br \/>\n\u2022 Modular o campo eletromagn\u00e9tico cerebral antes do agravamento;<br \/>\n\u2022 Reduzir o estresse bioenerg\u00e9tico que alimenta a inflama\u00e7\u00e3o silenciosa;<br \/>\n\u2022 Estimular o sistema de autorregula\u00e7\u00e3o do corpo, favorecendo a homeostase.<\/p>\n<h3>O futuro da preven\u00e7\u00e3o \u00e9 agora \u2014 e \u00e9 energ\u00e9tico<\/h3>\n<p>Com mais de 55 milh\u00f5es de pessoas no mundo convivendo hoje com dem\u00eancia, e com a estimativa de que esse n\u00famero ultrapasse 152 milh\u00f5es at\u00e9 2050, \u00e9 urgente repensar a sa\u00fade cerebral em sua dimens\u00e3o energ\u00e9tica, imunol\u00f3gica e vibracional.<\/p>\n<p>Os rastreios biomagn\u00e9ticos n\u00e3o s\u00e3o apenas instrumentos terap\u00eauticos \u2014 s\u00e3o ferramentas preditivas poderosas, capazes de revelar o que a ci\u00eancia s\u00f3 agora come\u00e7a a compreender.<\/p>\n<p>No IPM, continuamos formando terapeutas que n\u00e3o apenas aplicam t\u00e9cnicas, mas compreendem o corpo humano como um campo complexo de intera\u00e7\u00f5es bioenerg\u00e9ticas.<br \/>\nE estamos aqui para reafirmar: o futuro da sa\u00fade \u00e9 vibracional.<\/p>\n","protected":false},"excerpt":{"rendered":"<p>Publicado por: Adriane Viapiana Bossa Data: 23\/11\/25 Durante d\u00e9cadas, a medicina tradicional associou o Alzheimer ao ac\u00famulo de placas beta-amiloides no c\u00e9rebro, tratando esse ac\u00famulo como causa direta da doen\u00e7a.&nbsp;[ &hellip; ]<\/p>\n","protected":false},"author":3,"featured_media":1725,"comment_status":"open","ping_status":"open","sticky":false,"template":"","format":"standard","meta":{"_exactmetrics_skip_tracking":false,"_exactmetrics_sitenote_active":false,"_exactmetrics_sitenote_note":"","_exactmetrics_sitenote_category":0,"footnotes":""},"categories":[1],"tags":[591,741,746,757,743,29,755,749,758,34,750,742,94,759,566,351,83,756,751,745,748,752,744,285,267,753,432,754,452,760,747,284,441],"class_list":["post-1713","post","type-post","status-publish","format-standard","has-post-thumbnail","hentry","category-biomagnetismo","tag-adriane-viapiana-bossa","tag-alzheimer","tag-autoimunidade-silenciosa","tag-autorregulacao-corporal","tag-beta-amiloide","tag-biomagnetismo-medicinal","tag-biomarcadores-energeticos","tag-campos-eletromagneticos-do-corpo","tag-ciencia-e-espiritualidade","tag-desbloqueio-emocional-magnetico","tag-desequilibrio-bioenergetico","tag-doenca-autoimune-cerebral","tag-epigenetica-bioenergetica","tag-futuro-da-saude","tag-homeostase","tag-inflamacao-cronica","tag-instituto-par-magnetico","tag-medicina-preventiva","tag-medicina-vibracional","tag-microgliose","tag-neurociencia-integrativa","tag-neuroimunologia","tag-neuroinflamacao","tag-pares-biomagneticos","tag-picmag","tag-prevencao-de-demencia","tag-rastreio-biomagnetico","tag-saude-cerebral","tag-saude-energetica","tag-saude-vibracional","tag-sistema-imune-do-cerebro","tag-terapias-integrativas","tag-terapias-magneticas","col-sm-6"],"_links":{"self":[{"href":"https:\/\/blog.institutoparmagnetico.com.br\/index.php?rest_route=\/wp\/v2\/posts\/1713","targetHints":{"allow":["GET"]}}],"collection":[{"href":"https:\/\/blog.institutoparmagnetico.com.br\/index.php?rest_route=\/wp\/v2\/posts"}],"about":[{"href":"https:\/\/blog.institutoparmagnetico.com.br\/index.php?rest_route=\/wp\/v2\/types\/post"}],"author":[{"embeddable":true,"href":"https:\/\/blog.institutoparmagnetico.com.br\/index.php?rest_route=\/wp\/v2\/users\/3"}],"replies":[{"embeddable":true,"href":"https:\/\/blog.institutoparmagnetico.com.br\/index.php?rest_route=%2Fwp%2Fv2%2Fcomments&post=1713"}],"version-history":[{"count":1,"href":"https:\/\/blog.institutoparmagnetico.com.br\/index.php?rest_route=\/wp\/v2\/posts\/1713\/revisions"}],"predecessor-version":[{"id":1714,"href":"https:\/\/blog.institutoparmagnetico.com.br\/index.php?rest_route=\/wp\/v2\/posts\/1713\/revisions\/1714"}],"wp:featuredmedia":[{"embeddable":true,"href":"https:\/\/blog.institutoparmagnetico.com.br\/index.php?rest_route=\/wp\/v2\/media\/1725"}],"wp:attachment":[{"href":"https:\/\/blog.institutoparmagnetico.com.br\/index.php?rest_route=%2Fwp%2Fv2%2Fmedia&parent=1713"}],"wp:term":[{"taxonomy":"category","embeddable":true,"href":"https:\/\/blog.institutoparmagnetico.com.br\/index.php?rest_route=%2Fwp%2Fv2%2Fcategories&post=1713"},{"taxonomy":"post_tag","embeddable":true,"href":"https:\/\/blog.institutoparmagnetico.com.br\/index.php?rest_route=%2Fwp%2Fv2%2Ftags&post=1713"}],"curies":[{"name":"wp","href":"https:\/\/api.w.org\/{rel}","templated":true}]}}