{"id":1732,"date":"2025-12-21T07:12:08","date_gmt":"2025-12-21T10:12:08","guid":{"rendered":"https:\/\/blog.institutoparmagnetico.com.br\/?p=1732"},"modified":"2025-12-22T15:51:39","modified_gmt":"2025-12-22T18:51:39","slug":"quando-os-genes-tem-hora-a-nova-fronteira-da-epigenetica-no-tratamento-emocional-e-comportamental","status":"publish","type":"post","link":"https:\/\/blog.institutoparmagnetico.com.br\/?p=1732","title":{"rendered":"Quando os Genes T\u00eam Hora: A Nova Fronteira da Epigen\u00e9tica no Tratamento Emocional e Comportamental"},"content":{"rendered":"<p>Por: Adriane Viapiana Bossa<br \/>\nData: 21\/12\/25<\/p>\n<p>Voc\u00ea j\u00e1 imaginou que seus genes mudam ao longo do dia? Que a forma como voc\u00ea sente, pensa e at\u00e9 responde aos tratamentos pode depender da hora?<\/p>\n<p>Pois \u00e9 exatamente isso que um novo estudo publicado na prestigiada revista Molecular Psychiatry (DePoy et al., 2024) acaba de confirmar: <strong>os genes do c\u00e9rebro expressam-se de maneira r\u00edtmica e espec\u00edfica, variando conforme o tipo celular, o sexo e o momento do dia.<\/strong> E mais: essas mudan\u00e7as est\u00e3o profundamente ligadas \u00e0 regula\u00e7\u00e3o do humor, \u00e0 motiva\u00e7\u00e3o, ao sono e \u00e0 vulnerabilidade ao uso de subst\u00e2ncias.<\/p>\n<h3>O que isso muda na forma como entendemos a sa\u00fade?<\/h3>\n<p>Essa descoberta refor\u00e7a algo que as Pr\u00e1ticas Integrativas e Complementares Magn\u00e9ticas (PICMAG), como a <strong>Epigen\u00e9tica Bioenerg\u00e9tica<\/strong>, j\u00e1 observam na pr\u00e1tica cl\u00ednica: a sa\u00fade emocional e comportamental n\u00e3o \u00e9 apenas um reflexo do ambiente, mas tamb\u00e9m de padr\u00f5es epigen\u00e9ticos que mudam ao longo do tempo.<\/p>\n<p>Os pesquisadores identificaram que at\u00e9 os marcadores cl\u00e1ssicos dos neur\u00f4nios espinhosos m\u00e9dios do n\u00facleo accumbens (regi\u00e3o cerebral associada \u00e0 recompensa e ao humor) apresentam ritmos diurnos espec\u00edficos, com diferen\u00e7as claras entre machos e f\u00eameas. Isso abre um novo campo de possibilidades para terapias que desejam atuar na raiz dos desequil\u00edbrios.<\/p>\n<h3>Epigen\u00e9tica Bioenerg\u00e9tica: uma resposta integrativa e transformadora<\/h3>\n<p>A Epigen\u00e9tica Bioenerg\u00e9tica surge como uma abordagem terap\u00eautica que compreende e interv\u00e9m justamente nesses pontos-chave:<br \/>\n\u2022 Marcas herdadas que ativam doen\u00e7as<br \/>\n\u2022 Padr\u00f5es emocionais que influenciam o comportamento<br \/>\n\u2022 Est\u00edmulos ambientais que ligam ou desligam genes<br \/>\n\u2022 Ritmos internos que modulam a nossa biologia sem que percebamos<\/p>\n<p>Mais do que entender a gen\u00e9tica, essa abordagem prop\u00f5e uma <strong>reprograma\u00e7\u00e3o consciente, bioenerg\u00e9tica e terap\u00eautica da sa\u00fade<\/strong>, atuando em n\u00edveis sutis e profundos, com base nos princ\u00edpios da f\u00edsica, da biologia e da neuroci\u00eancia.<\/p>\n<h3>A forma\u00e7\u00e3o que prepara voc\u00ea para essa nova era da sa\u00fade integrativa<\/h3>\n<p>O Curso de Epigen\u00e9tica Bioenerg\u00e9tica do IPM foi desenvolvido para capacitar terapeutas a:<br \/>\n\u2022 Compreender a influ\u00eancia dos padr\u00f5es epigen\u00e9ticos na cl\u00ednica<br \/>\n\u2022 Aplicar ferramentas bioenerg\u00e9ticas que desativam registros transgeracionais<br \/>\n\u2022 Integrar os conhecimentos cient\u00edficos aos atendimentos com Biomagnetismo e outras PICMAGs<br \/>\n\u2022 Atuar na preven\u00e7\u00e3o de doen\u00e7as e promo\u00e7\u00e3o de equil\u00edbrio emocional<\/p>\n<p>Com apostila completa, aulas online ao vivo e acesso vital\u00edcio ao grupo de Educa\u00e7\u00e3o Continuada, essa forma\u00e7\u00e3o \u00e9 uma verdadeira imers\u00e3o no futuro da sa\u00fade.<\/p>\n<p>Transforme padr\u00f5es herdados. Redefina destinos. Seja Epigen\u00e9tica Bioenerg\u00e9tica.<\/p>\n","protected":false},"excerpt":{"rendered":"<p>Por: Adriane Viapiana Bossa Data: 21\/12\/25 Voc\u00ea j\u00e1 imaginou que seus genes mudam ao longo do dia? Que a forma como voc\u00ea sente, pensa e at\u00e9 responde aos tratamentos pode&nbsp;[ &hellip; ]<\/p>\n","protected":false},"author":3,"featured_media":1741,"comment_status":"open","ping_status":"open","sticky":false,"template":"","format":"standard","meta":{"_exactmetrics_skip_tracking":false,"_exactmetrics_sitenote_active":false,"_exactmetrics_sitenote_note":"","_exactmetrics_sitenote_category":0,"footnotes":""},"categories":[206],"tags":[448,696,29,80,836,787,94,831,212,840,841,842,832,800,568,830,833,190,141,834,839,838,267,269,843,837,829,835,125,311,580,665,462,284],"class_list":["post-1732","post","type-post","status-publish","format-standard","has-post-thumbnail","hentry","category-epigenetica-bioenergetica","tag-bioenergia","tag-biomagnetismo-emocional","tag-biomagnetismo-medicinal","tag-curso-de-epigenetica","tag-diferencas-sexuais-na-expressao-genica","tag-epigenetica-2","tag-epigenetica-bioenergetica","tag-estudo-depoy-2024","tag-expressao-genica","tag-formacao-ipm","tag-genetica-e-comportamento","tag-genetica-e-emocoes","tag-humor-e-genetica","tag-instituto-par-magnetico-2","tag-medicina-energetica","tag-molecular-psychiatry","tag-motivacao-e-genes","tag-neurociencia","tag-neuroplasticidade","tag-nucleo-accumbens","tag-padroes-herdados","tag-padroes-transgeracionais","tag-picmag","tag-praticas-integrativas-e-complementares-magneticas","tag-reprogramacao-bioenergetica","tag-reprogramacao-epigenetica","tag-ritmos-circadianos","tag-ritmos-diurnos","tag-saude-emocional","tag-saude-integrativa","tag-saude-quantica","tag-terapias-bioenergeticas","tag-terapias-holisticas","tag-terapias-integrativas","col-sm-6"],"_links":{"self":[{"href":"https:\/\/blog.institutoparmagnetico.com.br\/index.php?rest_route=\/wp\/v2\/posts\/1732","targetHints":{"allow":["GET"]}}],"collection":[{"href":"https:\/\/blog.institutoparmagnetico.com.br\/index.php?rest_route=\/wp\/v2\/posts"}],"about":[{"href":"https:\/\/blog.institutoparmagnetico.com.br\/index.php?rest_route=\/wp\/v2\/types\/post"}],"author":[{"embeddable":true,"href":"https:\/\/blog.institutoparmagnetico.com.br\/index.php?rest_route=\/wp\/v2\/users\/3"}],"replies":[{"embeddable":true,"href":"https:\/\/blog.institutoparmagnetico.com.br\/index.php?rest_route=%2Fwp%2Fv2%2Fcomments&post=1732"}],"version-history":[{"count":1,"href":"https:\/\/blog.institutoparmagnetico.com.br\/index.php?rest_route=\/wp\/v2\/posts\/1732\/revisions"}],"predecessor-version":[{"id":1733,"href":"https:\/\/blog.institutoparmagnetico.com.br\/index.php?rest_route=\/wp\/v2\/posts\/1732\/revisions\/1733"}],"wp:featuredmedia":[{"embeddable":true,"href":"https:\/\/blog.institutoparmagnetico.com.br\/index.php?rest_route=\/wp\/v2\/media\/1741"}],"wp:attachment":[{"href":"https:\/\/blog.institutoparmagnetico.com.br\/index.php?rest_route=%2Fwp%2Fv2%2Fmedia&parent=1732"}],"wp:term":[{"taxonomy":"category","embeddable":true,"href":"https:\/\/blog.institutoparmagnetico.com.br\/index.php?rest_route=%2Fwp%2Fv2%2Fcategories&post=1732"},{"taxonomy":"post_tag","embeddable":true,"href":"https:\/\/blog.institutoparmagnetico.com.br\/index.php?rest_route=%2Fwp%2Fv2%2Ftags&post=1732"}],"curies":[{"name":"wp","href":"https:\/\/api.w.org\/{rel}","templated":true}]}}