{"id":1734,"date":"2025-12-28T07:19:47","date_gmt":"2025-12-28T10:19:47","guid":{"rendered":"https:\/\/blog.institutoparmagnetico.com.br\/?p=1734"},"modified":"2025-12-29T13:54:27","modified_gmt":"2025-12-29T16:54:27","slug":"quando-o-som-encontra-o-cerebro-a-ciencia-por-tras-da-musica-da-emocao-e-da-cura","status":"publish","type":"post","link":"https:\/\/blog.institutoparmagnetico.com.br\/?p=1734","title":{"rendered":"Quando o som encontra o c\u00e9rebro: a ci\u00eancia por tr\u00e1s da m\u00fasica, da emo\u00e7\u00e3o e da cura"},"content":{"rendered":"<p>Por Adriane Viapiana Bossa<br \/>\nData: 28\/12\/25<\/p>\n<p>Voc\u00ea j\u00e1 se emocionou com uma m\u00fasica sem saber por qu\u00ea? J\u00e1 sentiu seu corpo relaxar ou sua vontade de viver reacender ao ouvir determinados sons? A ci\u00eancia confirma: <strong>nosso c\u00e9rebro se sincroniza com a m\u00fasica<\/strong>. E essa conex\u00e3o vai muito al\u00e9m do prazer moment\u00e2neo. Ela ativa caminhos profundos de cura emocional e equil\u00edbrio fisiol\u00f3gico.<\/p>\n<p>Um estudo da Universidade McGill (Canad\u00e1), conduzido pela psic\u00f3loga Caroline Palmer, demonstrou que <strong>o c\u00e9rebro ressoa fisicamente com os sons<\/strong>, o que significa que padr\u00f5es auditivos, como batidas e melodias, n\u00e3o apenas nos afetam emocionalmente \u2013 eles modificam a atividade cerebral em tempo real.<\/p>\n<p>\u00c9 a partir dessa mesma l\u00f3gica que pr\u00e1ticas terap\u00eauticas como o <strong>DEM de Relaxamento (Desbloqueio Emocional Magn\u00e9tico)<\/strong> se estruturam. Unindo sons, frequ\u00eancias, magnetismo e comandos bioenerg\u00e9ticos, o DEM atua diretamente na regula\u00e7\u00e3o emocional, modula\u00e7\u00e3o do estresse e reconex\u00e3o do paciente com sua for\u00e7a vital.<\/p>\n<h3>O som como ferramenta terap\u00eautica: quando a ci\u00eancia encontra o cuidado<\/h3>\n<p>A Teoria da Resson\u00e2ncia Neural (NRT), cada vez mais validada pela neuroci\u00eancia, explica como nosso sistema nervoso se alinha com est\u00edmulos r\u00edtmicos e vibracionais. \u00c9 essa resson\u00e2ncia que ativa regi\u00f5es do c\u00e9rebro associadas \u00e0 emo\u00e7\u00e3o, mem\u00f3ria, motiva\u00e7\u00e3o e al\u00edvio de dor \u2013 fundamentos essenciais de qualquer pr\u00e1tica terap\u00eautica eficaz.<\/p>\n<p>No campo das <strong>Pr\u00e1ticas Integrativas e Complementares Magn\u00e9ticas (PICMAG)<\/strong>, esse princ\u00edpio ganha uma aplica\u00e7\u00e3o direta e concreta. Atrav\u00e9s do <strong>DEM de Relaxamento<\/strong>, terapeutas treinados conseguem:<br \/>\n\u2022 Estimular estados de relaxamento profundo.<br \/>\n\u2022 Liberar mem\u00f3rias emocionais dolorosas.<br \/>\n\u2022 Promover a autoaceita\u00e7\u00e3o, autoestima e autogest\u00e3o emocional.<br \/>\n\u2022 Modular a resposta neuroend\u00f3crina ao estresse.<br \/>\n\u2022 Reequilibrar o campo eletromagn\u00e9tico do paciente.<\/p>\n<p>Essa abordagem terap\u00eautica atua n\u00e3o apenas sobre sintomas, mas tamb\u00e9m sobre as causas bioenerg\u00e9ticas e epigen\u00e9ticas das emo\u00e7\u00f5es adoecidas, como a ansiedade, a tristeza persistente, o medo, a compuls\u00e3o ou a falta de motiva\u00e7\u00e3o.<\/p>\n<h3>Um guia para terapeutas: leve o DEM para sua pr\u00e1tica<\/h3>\n<p>Se voc\u00ea \u00e9 terapeuta e deseja incorporar essas descobertas \u00e0 sua rotina cl\u00ednica, <a href=\"https:\/\/www.parmagnetico.com.br\/guia-do-terapeuta-dem-relaxamento.html\" target=\"_blank\" rel=\"noopener\">o livro Guia do Terapeuta \u2013 Incorporando o DEM de Relaxamento em sua Pr\u00e1tica<\/a> \u00e9 um instrumento essencial de trabalho.<\/p>\n<p>Escrito com base em anos de pesquisa e pr\u00e1tica cl\u00ednica, o livro oferece:<br \/>\n\u2022 <strong>Fundamentos cient\u00edficos e energ\u00e9ticos do DEM<\/strong>, explicando como a t\u00e9cnica atua sobre o sistema emocional, imunol\u00f3gico e epigen\u00e9tico.<br \/>\n\u2022 <strong>16 guias terap\u00eauticas prontas<\/strong>, voltadas para ansiedade, depress\u00e3o, v\u00edcios, s\u00edndrome do impostor, fibromialgia, autoestima, procrastina\u00e7\u00e3o e muito mais.<br \/>\n\u2022 <strong>Passo a passo para criar sess\u00f5es personalizadas,<\/strong> adaptadas a grupos ou atendimentos individuais.<br \/>\n\u2022 <strong>Estrat\u00e9gias de integra\u00e7\u00e3o terap\u00eautica<\/strong>, para que o DEM possa ser acoplado com outras t\u00e9cnicas de relaxamento, medita\u00e7\u00e3o, coaching ou biomagnetismo.<br \/>\n\u2022 <strong>Considera\u00e7\u00f5es \u00e9ticas e profissionais,<\/strong> essenciais para conduzir um trabalho eficaz e respons\u00e1vel.<\/p>\n<blockquote><p>\u201cEste livro \u00e9 uma ferramenta indispens\u00e1vel para terapeutas que buscam inovar em suas pr\u00e1ticas com m\u00e9todos comprovados e flex\u00edveis, ampliando significativamente seu repert\u00f3rio terap\u00eautico e efic\u00e1cia cl\u00ednica.\u201d<\/p><\/blockquote>\n<h3>A pr\u00e1tica que transforma: ci\u00eancia, magnetismo e presen\u00e7a<\/h3>\n<p>Mais do que t\u00e9cnica, o DEM de Relaxamento \u00e9 um convite \u00e0 reconex\u00e3o humana. Ele integra o que h\u00e1 de mais avan\u00e7ado na neuroci\u00eancia da emo\u00e7\u00e3o com a sabedoria ancestral do magnetismo terap\u00eautico e da aten\u00e7\u00e3o plena.<\/p>\n<p>Ao praticar ou aplicar o DEM, voc\u00ea n\u00e3o apenas conduz seu paciente ao al\u00edvio emocional \u2013 voc\u00ea o auxilia a acessar camadas mais profundas de sentido, presen\u00e7a e autorregula\u00e7\u00e3o.<\/p>\n<p>Seja voc\u00ea terapeuta, educador, profissional da sa\u00fade ou algu\u00e9m em busca de ferramentas para o seu pr\u00f3prio cuidado, essa abordagem est\u00e1 ao seu alcance.<\/p>\n<p>Descubra mais, aplique mais, transforme mais.<\/p>\n<p>Adquira o seu exemplar de <a href=\"https:\/\/www.parmagnetico.com.br\/guia-do-terapeuta-dem-relaxamento.html\" target=\"_blank\" rel=\"noopener\">Guia do Terapeuta \u2013 Incorporando o DEM de Relaxamento em sua Pr\u00e1tica<\/a> e comece hoje mesmo a oferecer uma experi\u00eancia terap\u00eautica transformadora.<\/p>\n","protected":false},"excerpt":{"rendered":"<p>Por Adriane Viapiana Bossa Data: 28\/12\/25 Voc\u00ea j\u00e1 se emocionou com uma m\u00fasica sem saber por qu\u00ea? J\u00e1 sentiu seu corpo relaxar ou sua vontade de viver reacender ao ouvir&nbsp;[ &hellip; ]<\/p>\n","protected":false},"author":3,"featured_media":1752,"comment_status":"open","ping_status":"open","sticky":false,"template":"","format":"standard","meta":{"_exactmetrics_skip_tracking":false,"_exactmetrics_sitenote_active":false,"_exactmetrics_sitenote_note":"","_exactmetrics_sitenote_category":0,"footnotes":""},"categories":[20],"tags":[852,864,856,618,696,29,823,850,848,496,98,34,857,272,859,862,861,865,855,851,844,847,854,141,267,268,149,849,858,845,311,863,846,860,691,853,710,464,462],"class_list":["post-1734","post","type-post","status-publish","format-standard","has-post-thumbnail","hentry","category-desbloqueio-emocional","tag-ansiedade-e-som","tag-atencao-plena","tag-autogestao-emocional","tag-bem-estar-emocional-2","tag-biomagnetismo-emocional","tag-biomagnetismo-medicinal","tag-campo-bioenergetico","tag-campo-eletromagnetico","tag-cerebro-e-musica","tag-cura-emocional","tag-dem-de-relaxamento","tag-desbloqueio-emocional-magnetico","tag-epigenetica-emocional","tag-equilibrio-bioenergetico","tag-frequencia-sonora","tag-guia-do-terapeuta-dem","tag-livro-guia-do-terapeuta","tag-magnetismo-terapeutico","tag-memoria-emocional","tag-modulacao-do-estresse","tag-musica-e-neurociencia","tag-neurociencia-da-musica","tag-neuroendocrino-e-emocoes","tag-neuroplasticidade","tag-picmag","tag-praticas-integrativas","tag-regulacao-emocional","tag-relaxamento-terapeutico","tag-ressonancia-cerebral","tag-ressonancia-neural","tag-saude-integrativa","tag-tecnicas-de-relaxamento","tag-teoria-da-ressonancia-neural","tag-terapeuta-integrativo","tag-terapia-complementar","tag-terapia-sonora","tag-terapia-vibracional","tag-terapias-energeticas","tag-terapias-holisticas","col-sm-6"],"_links":{"self":[{"href":"https:\/\/blog.institutoparmagnetico.com.br\/index.php?rest_route=\/wp\/v2\/posts\/1734","targetHints":{"allow":["GET"]}}],"collection":[{"href":"https:\/\/blog.institutoparmagnetico.com.br\/index.php?rest_route=\/wp\/v2\/posts"}],"about":[{"href":"https:\/\/blog.institutoparmagnetico.com.br\/index.php?rest_route=\/wp\/v2\/types\/post"}],"author":[{"embeddable":true,"href":"https:\/\/blog.institutoparmagnetico.com.br\/index.php?rest_route=\/wp\/v2\/users\/3"}],"replies":[{"embeddable":true,"href":"https:\/\/blog.institutoparmagnetico.com.br\/index.php?rest_route=%2Fwp%2Fv2%2Fcomments&post=1734"}],"version-history":[{"count":1,"href":"https:\/\/blog.institutoparmagnetico.com.br\/index.php?rest_route=\/wp\/v2\/posts\/1734\/revisions"}],"predecessor-version":[{"id":1735,"href":"https:\/\/blog.institutoparmagnetico.com.br\/index.php?rest_route=\/wp\/v2\/posts\/1734\/revisions\/1735"}],"wp:featuredmedia":[{"embeddable":true,"href":"https:\/\/blog.institutoparmagnetico.com.br\/index.php?rest_route=\/wp\/v2\/media\/1752"}],"wp:attachment":[{"href":"https:\/\/blog.institutoparmagnetico.com.br\/index.php?rest_route=%2Fwp%2Fv2%2Fmedia&parent=1734"}],"wp:term":[{"taxonomy":"category","embeddable":true,"href":"https:\/\/blog.institutoparmagnetico.com.br\/index.php?rest_route=%2Fwp%2Fv2%2Fcategories&post=1734"},{"taxonomy":"post_tag","embeddable":true,"href":"https:\/\/blog.institutoparmagnetico.com.br\/index.php?rest_route=%2Fwp%2Fv2%2Ftags&post=1734"}],"curies":[{"name":"wp","href":"https:\/\/api.w.org\/{rel}","templated":true}]}}