{"id":183,"date":"2018-06-13T18:55:46","date_gmt":"2018-06-13T21:55:46","guid":{"rendered":"http:\/\/blog.parmagnetico.com.br\/?p=183"},"modified":"2021-08-18T17:10:17","modified_gmt":"2021-08-18T20:10:17","slug":"como-harmonizar-os-chakras-com-biomagnetismo","status":"publish","type":"post","link":"https:\/\/blog.institutoparmagnetico.com.br\/?p=183","title":{"rendered":"Como Harmonizar os Chakras com Biomagnetismo Medicinal"},"content":{"rendered":"\n<p>Dr Goiz n\u00e3o nos falou muito dos CHAKRAS durante o curso, mas nos ensinou a utilizar a Bioenerg\u00e9tica para equilibr\u00e1-los, alinhando suas fun\u00e7\u00f5es termobioeletromagn\u00e9ticas com os \u00f3rg\u00e3os correspondentes no organismo.<\/p>\n\n\n\n<p>Em seu Livro O PAR BIOMAGN\u00c9TICO (1992) Dr Goiz cita algo muito interessante sobre os Chacras almejando, na \u00e9poca, que neste s\u00e9culo XXI fosse poss\u00edvel encontrar um Par Bioenerg\u00e9tico para os Chacras e para muitos outros problemas de ordem Cromoss\u00f4mica, Emocional, Espiritual, Maligna, Disfun\u00e7\u00e3o Hormonal entre outros problemas que afetam os seres humanos em sua sa\u00fade f\u00edsica, an\u00edmica e espiritual.<\/p>\n\n\n\n<div class=\"wp-block-image\"><figure class=\"aligncenter\"><img loading=\"lazy\" decoding=\"async\" width=\"700\" height=\"222\" src=\"http:\/\/blog.parmagnetico.com.br\/wp-content\/uploads\/2018\/06\/G.jpg\" alt=\"\" class=\"wp-image-186\" srcset=\"https:\/\/blog.institutoparmagnetico.com.br\/wp-content\/uploads\/2018\/06\/G.jpg 700w, https:\/\/blog.institutoparmagnetico.com.br\/wp-content\/uploads\/2018\/06\/G-300x95.jpg 300w, https:\/\/blog.institutoparmagnetico.com.br\/wp-content\/uploads\/2018\/06\/G-640x203.jpg 640w\" sizes=\"auto, (max-width: 700px) 100vw, 700px\" \/><\/figure><\/div>\n\n\n\n<p><strong>Segundo cita Dr Goiz: \u201c&#8230;o futuro \u00e9 trabalhar na regenera\u00e7\u00e3o dos tecidos, j\u00e1 que a informa\u00e7\u00e3o gen\u00e9tica est\u00e1 presente em cada c\u00e9lula e a capacidade regenerativa tissular \u00e9 obvia&#8230;A Natureza s\u00f3 se deve entender e manusear com a mesma Natureza \u2013 e isso nos justifica ao descobrir, entender, valorizar e classificar os fenom\u00eanos Biomagn\u00e9ticos e Bioenerg\u00e9ticos, partindo do conceito encontrado em 1988 e batizado como o PAR BIOMAGN\u00c9TICO, conceito que nos leva ao entendimento de outro fenomeno o PAR BIOEN\u00c9RGETICO, onde j\u00e1 n\u00e3o se requer de campos magneticos ou eletromagn\u00e9ticos para o seu manuseio, estudo e classifica\u00e7\u00e3o; mas sim \u00fanica e exclusivamente da capacidade mental, intuitiva e da f\u00e9 e, onde se perdem ou anulam os principios elementares da ci\u00eancia agora conhecida e de seus par\u00e2metros como o tempo, a dist\u00e2ncia e a energia corporal e ca\u00edmos no que a religi\u00e3o chama de \u201cmilagre\u201d e a ci\u00eancia de radi\u00f4nica.<\/strong><\/p>\n\n\n\n<p><strong>Tenho em minhas m\u00e3os a fotografia de 4 CHACRAS e em forma simplista, permite-me reafirmar que existem e algum dia poderemos fotografar os Pares Biomagn\u00e9ticos, mas, indo um pouco mais adiante, chama a aten\u00e7\u00e3o que dois destes s\u00e3o brancos e brilhantes e os outros dois vermelhados e opacos e, me pergunto: Ser\u00e1 por acaso, que estes pontos energ\u00e9ticos est\u00e3o ou est\u00e1 em resson\u00e2ncia vibracional ou energ\u00e9tica? Ser\u00e1 que se trata da fotografia do primeiro Par Biomagn\u00e9tico Bioenerg\u00e9tico? Ser\u00e1 que estamos a porta para saltar ao pr\u00f3ximo s\u00e9culo ao conceito de bioenerg\u00e9tica e por conseguinte ao par Bioenerg\u00e9tico?<\/strong><\/p>\n\n\n\n<p><strong>Mas, indo mais al\u00e9m, estas fotografias e as informa\u00e7\u00f5es que agora entendo e pratico em meus pacientes, levaram-me a aceita\u00e7\u00e3o dos conceitos que outras culturas e em outras \u00e9pocas j\u00e1 conheciam como o Yin e o Yang dos Chineses ou o Hometeotl e o Homeacath dos astecas, por citar s\u00f3 estes e ent\u00e3o: Por que a ciencia atual ortodoxa nega, a priore, e exige comprova\u00e7\u00f5es cient\u00edficas, do que j\u00e1 est\u00e1 mais que comprovado por evid\u00eancia cl\u00ednica?<\/strong><\/p>\n\n\n\n<p><strong>Enfim, que na primeira edi\u00e7\u00e3o do Par Biomagnetico (1995) exclamei o <\/strong><strong>tempo me daria a raz\u00e3o<\/strong><b> e agora entendo que me deu, por que em 18 anos de investiga\u00e7\u00e3o&nbsp;j\u00e1 passaram por minhas m\u00e3os 180.000 pacientes tratados em meus consult\u00f3rios e, o melhor, j\u00e1 s\u00e3o mais de 2500 m\u00e9dicos preparados nesta disciplina&#8230;\u201d ( extra\u00eddo do livro PAR BIOMAGN\u00c9TICO 5ed 2008, Dr Issac Goiz Duran).<\/b><\/p>\n\n\n\n<div class=\"wp-block-image\"><figure class=\"aligncenter\"><img loading=\"lazy\" decoding=\"async\" width=\"364\" height=\"138\" src=\"http:\/\/blog.parmagnetico.com.br\/wp-content\/uploads\/2018\/06\/DR.jpg\" alt=\"\" class=\"wp-image-184\" srcset=\"https:\/\/blog.institutoparmagnetico.com.br\/wp-content\/uploads\/2018\/06\/DR.jpg 364w, https:\/\/blog.institutoparmagnetico.com.br\/wp-content\/uploads\/2018\/06\/DR-300x114.jpg 300w\" sizes=\"auto, (max-width: 364px) 100vw, 364px\" \/><\/figure><\/div>\n\n\n\n<p>Segundo Samael Aun Weor (Fil\u00f3sofo Humanista Gn\u00f3stico) o corpo humano, \u00e9 apenas uma diminuta express\u00e3o da infinitude que nos comp\u00f5e, e conta com recursos verdadeiramente impressionantes de auto-cura, regenera\u00e7\u00e3o, prote\u00e7\u00e3o, percep\u00e7\u00e3o, etc\u2026 por mais que se mergulhe na vastid\u00e3o deste complexo humano, jamais se esgotam as surpreendentes descobertas acerca deste microcosmos infinito. Passar-se-iam s\u00e9culos e mil\u00eanios e mesmo com uma dedica\u00e7\u00e3o absoluta a ci\u00eancia ainda estaria a descobrir\u2026<\/p>\n\n\n\n<p>Tristemente caminha o ser humano do ber\u00e7o \u00e0 sepultura sem sequer vislumbrar que possui em seu interior tanta grandeza e magnitude.<\/p>\n\n\n\n<p>Voltando o olhar neste momento ao simples e ao singelo, dos fatos mais corriqueiros da vida humana, como por exemplo, aquela m\u00e3ezinha que sabe por intui\u00e7\u00e3o quando seu filho corre perigo, ou est\u00e1 enfermo, daquelas pessoas muito ps\u00edquicas que sonham e seus sonhos se tornam muitas vezes fatos concretos, e tantos outros detalhes inexplic\u00e1veis para uma ci\u00eancia embutida no materialismo, nos deparamos ent\u00e3o com a verdade inconteste de que existem no ser humano capacidades ps\u00edquicas ocultas conhecidos em linguagem m\u00edstica como&nbsp;Chacras, discos ou rodas magn\u00e9ticas contidos em nosso universo interior.<\/p>\n\n\n\n<p>\u00c9 indispens\u00e1vel saber que em todo o nosso corpo existem v\u00f3rtices de energia ou&nbsp;chakras, e sete s\u00e3o os principais e est\u00e3o relacionados com as fun\u00e7\u00f5es end\u00f3crinas e ex\u00f3crinas das nossas principais gl\u00e2ndulas que controlam junto com os Chacras o funcionamento de todos os nossos processos org\u00e2nicos, an\u00edmicos e espirituais.<\/p>\n\n\n\n<p>Tais rodas magn\u00e9ticas ou Chakras est\u00e3o alinhadas com a coluna espinhal e possuem o assento f\u00edsico em alguma gl\u00e2ndula ou \u00f3rg\u00e3o de nosso corpo. De maneira que o girar espl\u00eandido de tais discos, resulta colaborando impreterivelmente com a sa\u00fade de todo o nosso organismo.<\/p>\n\n\n\n<p>Despertar, desatrofiar, funcionar tais&nbsp;chakras&nbsp;\u00e9 o magno desafio a que nos propomos para alcan\u00e7ar desta maneira a sa\u00fade e o desenvolvimento harmonioso das nossas infinitas possibilidades latentes e a sa\u00fade plena.<\/p>\n\n\n\n<p><strong>Na lei de afinidade vibrat\u00f3ria se encontra a grande chave para encontrar a freq\u00fc\u00eancia correta e fazer girar o Chacra buscando benef\u00edcios f\u00edsicos e an\u00edmicos, podemos para tal utilizar em cada ponto f\u00edsico que seja assento de um chacra um Par Biomagn\u00e9tico (DUPLO IM\u00c3), o DUPLO IM\u00c3&nbsp; alinhar\u00e1 seus arcos magn\u00e9ticos aos arcos magn\u00e9ticos do chacra em que estiver atuando at\u00e9 este entre na Resson\u00e2ncia de Harmonia Magn\u00e9tica, sendo este um &nbsp;fen\u00f4meno que acontece quando um sistema f\u00edsico recebe energia por meio de excita\u00e7\u00f5es de frequ\u00eancia igual a uma de suas frequ\u00eancias naturais de vibra\u00e7\u00e3o, formando um campo magn\u00e9tico com uma&nbsp;for\u00e7a eletromagn\u00e9tica&nbsp;natural a sa\u00fade da gl\u00e2ndula associada ao chacra.<\/strong><\/p>\n\n\n\n<h3 class=\"wp-block-heading\">Quais s\u00e3o os problemas de sa\u00fade que podem ser atenuados com o uso do DUPLO IM\u00c3 nos pontos correspondentes aos Chakras principais?<\/h3>\n\n\n\n<figure class=\"wp-block-image\"><img loading=\"lazy\" decoding=\"async\" width=\"929\" height=\"815\" src=\"http:\/\/blog.parmagnetico.com.br\/wp-content\/uploads\/2018\/06\/novoo.jpg\" alt=\"\" class=\"wp-image-195\" srcset=\"https:\/\/blog.institutoparmagnetico.com.br\/wp-content\/uploads\/2018\/06\/novoo.jpg 929w, https:\/\/blog.institutoparmagnetico.com.br\/wp-content\/uploads\/2018\/06\/novoo-300x263.jpg 300w, https:\/\/blog.institutoparmagnetico.com.br\/wp-content\/uploads\/2018\/06\/novoo-768x674.jpg 768w, https:\/\/blog.institutoparmagnetico.com.br\/wp-content\/uploads\/2018\/06\/novoo-640x561.jpg 640w\" sizes=\"auto, (max-width: 929px) 100vw, 929px\" \/><\/figure>\n\n\n\n<ol class=\"wp-block-list\"><li><strong>Chacra Coron\u00e1rio:<\/strong> Desequil\u00edbrio do rel\u00f3gio biol\u00f3gico e do sono, tumores no c\u00e9rebro, depress\u00e3o, doen\u00e7a de Alzheimer, Parkinson, esquizofrenia, epilepsia, influencia na fun\u00e7\u00e3o dos outros chacras.&nbsp; &nbsp; &nbsp; &nbsp; &nbsp; &nbsp; &nbsp; &nbsp; &nbsp; &nbsp; <strong>Desequil\u00edbrios emocionais:<\/strong> neglig\u00eancia espiritual.<\/li><li><strong>Chacra Frontal:<\/strong> dor de cabe\u00e7a, sinusite, confus\u00e3o mental, dificuldade de concentra\u00e7\u00e3o, mem\u00f3ria, otites, hiperatividade mental, influencia na fun\u00e7\u00e3o de todas as outras gl\u00e2ndulas.&nbsp; &nbsp; &nbsp; &nbsp; &nbsp; &nbsp; &nbsp; &nbsp; &nbsp; &nbsp; &nbsp; &nbsp; &nbsp; &nbsp; &nbsp; &nbsp; &nbsp; &nbsp; &nbsp; &nbsp; &nbsp; &nbsp; &nbsp; <strong>Desequil\u00edbrios emocionais:<\/strong> ceticismo, materialismo, excesso de preocupa\u00e7\u00e3o na vida, n\u00e3o saber dar limites na vida, excesso de negatividade, raiva do mundo.<\/li><li><strong>Chacra Lar\u00edngeo:<\/strong> problemas menstruais, asma, artrite, alergias, laringite, dor de garganta, herpes, problemas de cabelo e pele, descontrole no crescimento do corpo na inf\u00e2ncia, c\u00e2ncer de garganta, perda de voz, surdes, problemas de dente e gengiva.&nbsp; &nbsp; &nbsp; &nbsp; &nbsp; &nbsp; &nbsp; &nbsp; &nbsp; &nbsp; &nbsp; &nbsp; &nbsp; &nbsp; &nbsp; &nbsp; &nbsp; &nbsp; &nbsp; &nbsp; <strong>Desequil\u00edbrios emocionais:<\/strong> n\u00e3o conseguir falar, n\u00e3o conseguir opinar, reprimir sentimentos, n\u00e3o conseguir p\u00f4r em pr\u00e1tica os projetos.<\/li><li><strong>Chara Card\u00edaco:<\/strong> infarto, angina, taquicardia, parada respirat\u00f3ria, defici\u00eancia pulmonar, circula\u00e7\u00e3o prec\u00e1ria, baixa imunidade, enfisema pulmonar, c\u00e2ncer de mama, lupos, doen\u00e7as do sangue, doen\u00e7as arteriais, gripes.&nbsp; &nbsp; &nbsp; &nbsp; &nbsp; <strong>Desequil\u00edbrios emocionais:<\/strong> sentimentos reprimidos, tristeza, falta de compreens\u00e3o, falta de sensibilidade, dores de perda, abandono, apego.<\/li><li><strong>Chacra Umbilical:<\/strong> defici\u00eancia digestiva e estomacal, \u00falcera, gastrite, oscila\u00e7\u00f5es de humor, depress\u00e3o, introvers\u00e3o, h\u00e1bitos alimentares anormais, instabilidade nervosa, c\u00e2ncer de estomago, desequil\u00edbrio emocional, inseguran\u00e7a, medo, p\u00e2nico, agonias, ansiedades, diabetes, obesidade, pancreatites, hepatites, compuls\u00e3o por consumo, h\u00e9rnia de hiato.&nbsp; &nbsp; &nbsp; &nbsp; &nbsp; &nbsp; &nbsp; &nbsp; &nbsp; &nbsp; &nbsp; &nbsp; &nbsp; &nbsp; &nbsp; &nbsp; &nbsp; &nbsp; &nbsp; &nbsp; &nbsp; &nbsp; &nbsp; &nbsp; &nbsp; &nbsp; &nbsp; &nbsp; &nbsp; &nbsp; &nbsp; &nbsp; &nbsp; &nbsp; &nbsp; &nbsp; &nbsp; &nbsp; &nbsp; &nbsp; &nbsp; &nbsp; &nbsp; &nbsp; &nbsp; &nbsp; &nbsp; &nbsp; &nbsp; &nbsp; &nbsp; &nbsp; &nbsp; &nbsp; &nbsp; &nbsp; &nbsp; &nbsp; &nbsp; &nbsp; &nbsp;&nbsp;<strong>Desequil\u00edbrios emocionais:<\/strong> raiva, medo, inseguran\u00e7a, magoa, tristeza, remorso, intoler\u00e2ncia, ansiedade, ang\u00fastia, p\u00e2nico, vitimizar-se, excesso de infantilidade, falta de flexibilidade, car\u00eancia afetiva, vergonha \u00e9 culpa.<\/li><li><strong>Chacra Prost\u00e1tico\/uterino:<\/strong> defici\u00eancia no sistema linf\u00e1tico, falta de orgasmo, incapacidade de ere\u00e7\u00e3o, ejacula\u00e7\u00e3o precoce, descontrole no fluxo menstrual, acumulo de gordura acentuado na regi\u00e3o do quadril, obesidade em geral, cistos nos ov\u00e1rios, infertilidade.&nbsp; &nbsp; &nbsp; &nbsp; &nbsp; &nbsp; &nbsp; &nbsp; &nbsp; &nbsp; &nbsp; &nbsp; &nbsp; &nbsp; &nbsp; &nbsp; &nbsp; &nbsp; &nbsp; <strong>Desequil\u00edbrios emocionais:<\/strong> dificuldades nos relacionamentos com c\u00f4njuges, parentes, amigos, auto lidar-se de realiza\u00e7\u00f5es na vida, falta de aceita\u00e7\u00e3o do corpo, baixa autoestima.<\/li><li><b>Chacra cocc\u00edgeo:<\/b> indisposi\u00e7\u00e3o f\u00edsica, falta de vitalidade, dor nas juntas, torcicolo, nervo ci\u00e1tico, desanimo de viver, falta de entusiasmo, problema nos ossos, hemorroidas, unha encravada cr\u00f4nica, infec\u00e7\u00f5es de rins e bexiga.&nbsp; &nbsp; &nbsp; &nbsp; &nbsp; &nbsp; &nbsp; &nbsp; &nbsp; &nbsp; &nbsp; &nbsp; &nbsp; &nbsp; &nbsp; &nbsp; &nbsp; &nbsp; &nbsp; &nbsp; &nbsp; &nbsp; &nbsp; &nbsp; &nbsp; &nbsp; &nbsp; &nbsp; &nbsp; &nbsp; &nbsp; &nbsp; &nbsp; &nbsp; &nbsp; &nbsp; &nbsp; &nbsp; &nbsp; &nbsp; &nbsp; &nbsp; &nbsp; &nbsp; &nbsp; &nbsp; &nbsp; &nbsp; &nbsp; &nbsp; &nbsp; &nbsp; &nbsp; &nbsp; &nbsp; <strong>Desequil\u00edbrios emocionais:<\/strong> problemas familiares, excesso de responsabilidade pessoal, profissional e familiar, dificuldade na estrutura da vida, falta de emprego, falta de dinheiro.<\/li><\/ol>\n\n\n\n<p>Caso a pessoa seja adepta a vocaliza\u00e7\u00e3o e queira associar o uso do DUPLO IM\u00c3 \u00e0 pr\u00e1tica poder\u00e1 potencializar os resultados.<\/p>\n\n\n\n<div class=\"wp-block-image\"><figure class=\"aligncenter\"><img loading=\"lazy\" decoding=\"async\" width=\"269\" height=\"187\" src=\"http:\/\/blog.parmagnetico.com.br\/wp-content\/uploads\/2018\/06\/man.jpg\" alt=\"\" class=\"wp-image-188\" srcset=\"https:\/\/blog.institutoparmagnetico.com.br\/wp-content\/uploads\/2018\/06\/man.jpg 269w, https:\/\/blog.institutoparmagnetico.com.br\/wp-content\/uploads\/2018\/06\/man-100x70.jpg 100w\" sizes=\"auto, (max-width: 269px) 100vw, 269px\" \/><\/figure><\/div>\n\n\n\n<h3 class=\"wp-block-heading\">Pr\u00e1tica para se integrar \u00e0 resson\u00e2ncia eletromagn\u00e9tica e obter maiores resultados:<\/h3>\n\n\n\n<p>Concentre-se Chacra Frontal &#8211; vocalize o mantra I alongando (iiiiiiiiiiiii\u2026) e com a insist\u00eancia e perseveran\u00e7a daquele que jamais desiste de sua meta, pouco a pouco despertar\u00e1s a capacidade de ver com clareza o ultra da natureza, as grandes realidades do universo e os fatos sublimes da cria\u00e7\u00e3o. Clarivid\u00eancia \u00e9 o nome deste sentido oculto situado na gl\u00e2ndula Pineal.<\/p>\n\n\n\n<p>Concentre-se no&nbsp;Chacra Laringeo &#8211; vocalizar o mantra E (eeeeeeee), em um estado de perfeito relaxamento e concentra\u00e7\u00e3o, resultar\u00e1 no despertar do poder de s\u00edntese conceitual, e no desabrochar do ouvido m\u00e1gico, o qual possu\u00edam os grandes g\u00eanios da m\u00fasica como Beethoven, Mozart, Vivaldi, etc. Tal chakra m\u00e1gico reside na Tire\u00f3ide e Para-Tire\u00f3ide.<\/p>\n\n\n\n<p>Ao entoar a vogal O (oooooooo), ativamos os poderes sens\u00edveis do c\u00e1rdias, ou&nbsp;chakra do cora\u00e7\u00e3o, que nos d\u00e1 sensibilidade, inspira\u00e7\u00e3o e a magnifica intui\u00e7\u00e3o, que nos permite saber sem a necessidade de pensar, compreender sem o doloroso processo do racioc\u00ednio. Como dizia Albert Ainstein \u201cPenso 99 vezes e n\u00e3o chego a resposta, paro de pensar e ela me chega\u201d. Assim \u00e9 a delicada intui\u00e7\u00e3o, um sentido de percep\u00e7\u00e3o interna, muito mais apurado que tudo aquilo que o intelecto vislumbra.<\/p>\n\n\n\n<p>Todo o nosso sistema digestivo pode ser beneficiado de forma encantadora ao colocarmos em atividade o disco magn\u00e9tico do&nbsp;plexo solar, situado dois dedos acima do umbigo, tamb\u00e9m conhecido como&nbsp;chakra umbilical.&nbsp;U (uuuuuuu\u2026) \u00e9 o mantra que o desperta para a atividade. Aquele que ativa tal centro, adquire o dom da telepatia, e o dom\u00ednio das emo\u00e7\u00f5es.<\/p>\n\n\n\n<p>Atrav\u00e9s da dedicada vocaliza\u00e7\u00e3o do mantra A (aaaaaaa\u2026.) despertamos o&nbsp;chakra pulmonar, atrav\u00e9s do qual se pode rememorar as vidas passadas, e melhorar as condi\u00e7\u00f5es deste org\u00e3o vital de nosso organismo.<\/p>\n\n\n\n<p>Imitando ao mugido de um boi, vocalize-se diversas vezes o mantra M (mmmmmm\u2026.) para tirar da letargia ao chakra prost\u00e1tico\/uterino. Al\u00e9m de uma exelente sa\u00fade em todo o sitema reprodutor, tal disco nos lega a capacidade de desdobrar em astral consciente.<\/p>\n\n\n\n<p>H\u00e1 ainda em nosso&nbsp;c\u00f3ccix&nbsp;um chakra oculto que nos permite o dom\u00ednio do corpo f\u00edsico, o qual se ativa com o mantra S (ssssss\u2026), cuja pron\u00fancia imita ao sibilo da serpente.<\/p>\n\n\n\n<p>Os chakras s\u00e3o sentidos de natureza bastante sens\u00edvel e delicada, por tal motivo \u00e9 necess\u00e1rio mais al\u00e9m de uma disciplina di\u00e1ria de vocaliza\u00e7\u00e3o mantrica, tamb\u00e9m o constante cultivar das virtudes humanas. Pois com ataques de ira, cobi\u00e7a, inveja, lux\u00faria, ci\u00fames e tantos sentimentos pesados de natureza infra-humana que desgra\u00e7adamente processamos, s\u00f3 o que conseguimos \u00e9 danificar tais centros e prejudicar o seu harm\u00f4nico desenvolvimento.<\/p>\n\n\n\n<p>Assim que dentro de n\u00f3s est\u00e1 o vasto universo de possibilidades infinitas, que sabiamente desenvolvidas e aproveitadas, nos conferem a genialidade, a intelig\u00eancia m\u00e1gica e a felicidade mais requintada do mundo espiritual. Praticai! J\u00e1 dizia o grande m\u00e9dico Huiracocha: \u201c\u00e9 melhor vocalizar uma hora di\u00e1ria do que ler uma biblioteca inteira de livros\u201d.<\/p>\n\n\n\n<p>Adriane Viapiana Bossa<\/p>\n\n\n\n<p><strong>Fonte:<\/strong><\/p>\n\n\n\n<p><strong>O Par Biomagn\u00e9tico, Dr Issac Goiz Duran \u2013 2008<\/strong><\/p>\n\n\n\n<p><strong>Fisiopatologia Biomagn\u00e9tica, Dr Issac Goiz Duran -2014<\/strong><\/p>\n\n\n\n<p><strong>No\u00e7\u00f5es Fundamentais de Endocrinologia e Criminologia &#8211; Samael Aun Weor &#8211; https:\/\/drive.google.com\/file\/d\/0ByuJiBLnCPXgZm5kMVplQUo4Wms\/view<\/strong><\/p>\n\n\n\n<p>Este blog \u00e9 apenas um blog educativo. As informa\u00e7\u00f5es e servi\u00e7os aqui contidos n\u00e3o devem ser interpretados como um diagn\u00f3stico, tratamento, prescri\u00e7\u00e3o ou cura para a doen\u00e7a. Aqueles que buscam tratamento para uma doen\u00e7a espec\u00edfica devem consultar seu m\u00e9dico para determinar o protocolo de tratamento adequado, correto e aceito antes de usar qualquer coisa que \u00e9 divulgado nesta p\u00e1gina.<\/p>\n","protected":false},"excerpt":{"rendered":"<p>Dr Goiz n\u00e3o nos falou muito dos CHAKRAS durante o curso, mas nos ensinou a utilizar a Bioenerg\u00e9tica para equilibr\u00e1-los, alinhando suas fun\u00e7\u00f5es termobioeletromagn\u00e9ticas com os \u00f3rg\u00e3os correspondentes no organismo.&nbsp;[ &hellip; ]<\/p>\n","protected":false},"author":3,"featured_media":195,"comment_status":"open","ping_status":"open","sticky":false,"template":"","format":"standard","meta":{"_exactmetrics_skip_tracking":false,"_exactmetrics_sitenote_active":false,"_exactmetrics_sitenote_note":"","_exactmetrics_sitenote_category":0,"footnotes":""},"categories":[1],"tags":[],"class_list":["post-183","post","type-post","status-publish","format-standard","has-post-thumbnail","hentry","category-biomagnetismo","col-sm-6"],"_links":{"self":[{"href":"https:\/\/blog.institutoparmagnetico.com.br\/index.php?rest_route=\/wp\/v2\/posts\/183","targetHints":{"allow":["GET"]}}],"collection":[{"href":"https:\/\/blog.institutoparmagnetico.com.br\/index.php?rest_route=\/wp\/v2\/posts"}],"about":[{"href":"https:\/\/blog.institutoparmagnetico.com.br\/index.php?rest_route=\/wp\/v2\/types\/post"}],"author":[{"embeddable":true,"href":"https:\/\/blog.institutoparmagnetico.com.br\/index.php?rest_route=\/wp\/v2\/users\/3"}],"replies":[{"embeddable":true,"href":"https:\/\/blog.institutoparmagnetico.com.br\/index.php?rest_route=%2Fwp%2Fv2%2Fcomments&post=183"}],"version-history":[{"count":6,"href":"https:\/\/blog.institutoparmagnetico.com.br\/index.php?rest_route=\/wp\/v2\/posts\/183\/revisions"}],"predecessor-version":[{"id":795,"href":"https:\/\/blog.institutoparmagnetico.com.br\/index.php?rest_route=\/wp\/v2\/posts\/183\/revisions\/795"}],"wp:featuredmedia":[{"embeddable":true,"href":"https:\/\/blog.institutoparmagnetico.com.br\/index.php?rest_route=\/wp\/v2\/media\/195"}],"wp:attachment":[{"href":"https:\/\/blog.institutoparmagnetico.com.br\/index.php?rest_route=%2Fwp%2Fv2%2Fmedia&parent=183"}],"wp:term":[{"taxonomy":"category","embeddable":true,"href":"https:\/\/blog.institutoparmagnetico.com.br\/index.php?rest_route=%2Fwp%2Fv2%2Fcategories&post=183"},{"taxonomy":"post_tag","embeddable":true,"href":"https:\/\/blog.institutoparmagnetico.com.br\/index.php?rest_route=%2Fwp%2Fv2%2Ftags&post=183"}],"curies":[{"name":"wp","href":"https:\/\/api.w.org\/{rel}","templated":true}]}}