{"id":1832,"date":"2026-05-03T07:00:59","date_gmt":"2026-05-03T10:00:59","guid":{"rendered":"https:\/\/blog.institutoparmagnetico.com.br\/?p=1832"},"modified":"2026-04-30T16:32:57","modified_gmt":"2026-04-30T19:32:57","slug":"o-autocontrole-emocional-tem-prova-cientifica-e-o-desbloqueio-emocional-magnetico-esta-na-linha-de-frente-dessa-revolucao","status":"publish","type":"post","link":"https:\/\/blog.institutoparmagnetico.com.br\/?p=1832","title":{"rendered":"O Autocontrole Emocional Tem Prova Cient\u00edfica \u2014 e o Desbloqueio Emocional Magn\u00e9tico Est\u00e1 na Linha de Frente Dessa Revolu\u00e7\u00e3o"},"content":{"rendered":"<p><strong><em>Instituto Par Magn\u00e9tico (IPM) | Forma\u00e7\u00e3o de Terapeutas em Biomagnetismo Emocional e PICMAG<\/em><\/strong><\/p>\n<p><strong><em>Por: Dra. Adriane Viapiana Bossa <\/em><\/strong><br \/>\n<strong><em>Data: 03\/05\/2026<\/em><\/strong><\/p>\n<p>Nos \u00faltimos anos, a ci\u00eancia tem reafirmado algo que terapeutas atentos j\u00e1 sabiam na pr\u00e1tica: o autocontrole emocional n\u00e3o \u00e9 uma quest\u00e3o de \u201cfor\u00e7a de vontade\u201d, mas um processo neurobiol\u00f3gico trein\u00e1vel. E essa \u00e9 justamente a base do Desbloqueio Emocional Magn\u00e9tico (DEM), t\u00e9cnica desenvolvida e ensinada no Instituto Par Magn\u00e9tico (IPM) como parte das Pr\u00e1ticas Integrativas e Complementares Magn\u00e9ticas (PICMAGs).<\/p>\n<p>A pergunta que guiou o desenvolvimento do DEM \u00e9 simples e profunda:<br \/>\n\u00e9 poss\u00edvel treinar o c\u00e9rebro para responder com calma ao inv\u00e9s de reagir no impulso?<br \/>\nAs evid\u00eancias mostram que sim \u2014 e que esse processo transforma literalmente o funcionamento do nosso sistema neuropsicoemocional.<\/p>\n<p>Hoje, formamos terapeutas preparados para orientar esse processo com precis\u00e3o, embasamento e seguran\u00e7a.<\/p>\n<p>\u2e3b<\/p>\n<p><strong>Quando voc\u00ea controla sua raiva, seu c\u00e9rebro muda de verdade<\/strong><\/p>\n<p><strong>Tr\u00eas estudos fundamentais consolidam essa afirma\u00e7\u00e3o:<\/strong><\/p>\n<p><strong>\u2705 1. Blair (2012)<\/strong><\/p>\n<p>Mostra que a raiva ativa intensamente a am\u00edgdala, estrutura respons\u00e1vel por respostas impulsivas.<br \/>\nMas o principal: o autocontrole acontece quando o c\u00f3rtex pr\u00e9-frontal entra em a\u00e7\u00e3o, regulando essa descarga emocional.<\/p>\n<p>\u2705<strong> 2. Puiu et al. (2019) \u2013 PMC6732149<\/strong><\/p>\n<p>Uma meta-an\u00e1lise robusta comprovou que a am\u00edgdala se sobressai em momentos de irrita\u00e7\u00e3o, enquanto o controle racional diminui.<br \/>\nOu seja: explodir \u00e9 autom\u00e1tico; regular \u00e9 intencional.<\/p>\n<p>\u2705<strong> 3. Morawetz et al. (2021) \u2013 PMC9174026<\/strong><\/p>\n<p>Mostrou que controle emocional repetido fortalece as conex\u00f5es cerebrais entre o pr\u00e9-frontal e a am\u00edgdala.<br \/>\nA neuroci\u00eancia chama isso de neuroplasticidade regulat\u00f3ria.<\/p>\n<p>Em outras palavras:<br \/>\nse controlar hoje te torna mais calmo amanh\u00e3.<\/p>\n<p>Cada escolha consciente ativa, refor\u00e7a e consolida circuitos cerebrais espec\u00edficos.<br \/>\nE \u00e9 exatamente aqui que o Desbloqueio Emocional Magn\u00e9tico atua de forma profunda.<\/p>\n<p>\u2e3b<\/p>\n<p><strong>DEM: quando a terapia energ\u00e9tica encontra a neuroci\u00eancia<\/strong><\/p>\n<p>O DEM n\u00e3o \u00e9 apenas uma t\u00e9cnica de al\u00edvio emocional: \u00e9 um m\u00e9todo estruturado de reorganiza\u00e7\u00e3o neuroemocional, que atua em n\u00edveis conscientes, subconscientes e bioenerg\u00e9ticos simultaneamente.<\/p>\n<p>Enquanto a pessoa acessa emo\u00e7\u00f5es aprisionadas, ressignifica padr\u00f5es e treina novos caminhos de resposta, o campo magn\u00e9tico est\u00e1tico aplicado em pontos espec\u00edficos auxilia:<br \/>\n\u2022 na estabiliza\u00e7\u00e3o do sistema neuropsicoend\u00f3crino,<br \/>\n\u2022 no reequil\u00edbrio do biocampo,<br \/>\n\u2022 e na redu\u00e7\u00e3o de ru\u00eddos emocionais associados ao passado.<\/p>\n<p>O resultado \u00e9 uma experi\u00eancia terap\u00eautica que combina:<\/p>\n<p>\u2705 ci\u00eancia do comportamento<br \/>\n\u2705 neuroplasticidade emocional<br \/>\n\u2705 bioenergia aplicada<br \/>\n\u2705 t\u00e9cnicas de reprograma\u00e7\u00e3o do campo magn\u00e9tico<\/p>\n<p>Tudo isso sustentado por pesquisa, \u00e9ticas cl\u00ednicas e forma\u00e7\u00e3o qualificada \u2014 pilares do Instituto Par Magn\u00e9tico.<\/p>\n<p>\u2e3b<\/p>\n<p><strong>O que a ci\u00eancia mostra \u2014 e o DEM confirma na pr\u00e1tica cl\u00ednica<\/strong><\/p>\n<p><strong>A pr\u00e1tica do DEM revela, de forma consistente, processos cientificamente descritos:<\/strong><\/p>\n<p><strong>1. Menos impulsividade<\/strong><\/p>\n<p>Com o fortalecimento da via pr\u00e9-frontal \u2192 am\u00edgdala, a pessoa ganha segundos preciosos entre o est\u00edmulo e a rea\u00e7\u00e3o.<br \/>\nEsse intervalo \u00e9 o espa\u00e7o onde a cura acontece.<\/p>\n<p><strong>2. Mais equil\u00edbrio emocional<\/strong><\/p>\n<p>O DEM ajuda a \u201csilenciar\u201d ru\u00eddos subconscientes que alimentam rea\u00e7\u00f5es autom\u00e1ticas, permitindo respostas mais maduras.<\/p>\n<p><strong>3. Mais capacidade de autocuidado<\/strong><\/p>\n<p>Ao desbloquear emo\u00e7\u00f5es aprisionadas, o indiv\u00edduo volta a ter clareza interna para cuidar de si e dos outros.<\/p>\n<p><strong>4. Refor\u00e7o de padr\u00f5es emocionais positivos<\/strong><\/p>\n<p>Tanto na ci\u00eancia quanto no DEM, a repeti\u00e7\u00e3o \u00e9 chave:<br \/>\nCada sess\u00e3o educa o c\u00e9rebro a responder melhor.<\/p>\n<p>\u2e3b<\/p>\n<p><strong>Por que o IPM forma terapeutas com foco em ci\u00eancia e sensibilidade<\/strong><\/p>\n<p><strong>O Instituto Par Magn\u00e9tico se tornou refer\u00eancia nacional ao criar uma forma\u00e7\u00e3o que une:<\/strong><br \/>\n\u2022 rigor te\u00f3rico<br \/>\n\u2022 pr\u00e1tica cl\u00ednica real<br \/>\n\u2022 pesquisa cient\u00edfica<br \/>\n\u2022 responsabilidade terap\u00eautica<br \/>\n\u2022 vis\u00e3o humanizada<\/p>\n<p><strong>O curso de Biomagnetismo Emocional, conduzido diretamente pela criadora da metodologia, Adriane Viapiana Bossa, prepara o terapeuta para:<\/strong><\/p>\n<p>\u2705 ler o campo magn\u00e9tico emocional,<br \/>\n\u2705 identificar ra\u00edzes subconscientes de padr\u00f5es desadaptativos,<br \/>\n\u2705 aplicar os pares magn\u00e9ticos corretos,<br \/>\n\u2705 conduzir processos de cura emocional com \u00e9tica e profundidade,<br \/>\n\u2705 integrar ci\u00eancia, espiritualidade e t\u00e9cnica com maturidade.<\/p>\n<p>N\u00e3o \u00e9 uma t\u00e9cnica isolada \u2014 \u00e9 um sistema terap\u00eautico completo.<\/p>\n<p>\u2e3b<\/p>\n<p><strong>A era das terapias emocionais baseadas em neuroplasticidade<\/strong><\/p>\n<p>Estamos vivendo um novo momento da sa\u00fade integrativa.<\/p>\n<p>As pessoas buscam t\u00e9cnicas que n\u00e3o apenas \u201caliviem\u201d, mas que transformem.<\/p>\n<p><strong>E o DEM representa essa nova gera\u00e7\u00e3o de abordagens:<\/strong><\/p>\n<p>\u2728 profundas,<br \/>\n\u2728 eficientes,<br \/>\n\u2728 seguras,<br \/>\n\u2728 embasadas,<br \/>\n\u2728 e imediatamente aplic\u00e1veis na vida real.<\/p>\n<p>O que a ci\u00eancia chama de \u201cregula\u00e7\u00e3o emocional consciente\u201d, n\u00f3s chamamos de pr\u00e1tica terap\u00eautica intencional.<\/p>\n<p>O que a neuroci\u00eancia chama de \u201crefor\u00e7o pr\u00e9-frontal\u201d, n\u00f3s chamamos de desbloqueio emocional magn\u00e9tico.<\/p>\n<p>A base \u00e9 a mesma: o c\u00e9rebro muda quando voc\u00ea escolhe mudar.<\/p>\n<p>\u2e3b<\/p>\n<p><strong>O pr\u00f3ximo passo: formar terapeutas preparados para o futuro<\/strong><\/p>\n<p>O IPM est\u00e1 comprometido com uma miss\u00e3o:<br \/>\nformar profissionais capazes de transformar vidas atrav\u00e9s do conhecimento, da t\u00e9cnica e da ci\u00eancia aplicada.<\/p>\n<p>A forma\u00e7\u00e3o em Biomagnetismo Emocional est\u00e1 aberta para terapeutas, psic\u00f3logos, fisioterapeutas, enfermeiros, profissionais de sa\u00fade integrativa e pessoas que desejam atuar clinicamente com seguran\u00e7a.<\/p>\n<p>Se voc\u00ea sente que nasceu para ajudar pessoas a reencontrarem sua for\u00e7a emocional, autonomia e equil\u00edbrio interno \u2014 este \u00e9 o seu lugar.<\/p>\n<p>\ud83d\udd17 <strong>Saiba mais sobre a Forma\u00e7\u00e3o em Biomagnetismo Emocional \u2013 DEM no link abaixo:<\/strong><\/p>\n<p><a href=\"https:\/\/www.parmagnetico.com.br\/curso-avancado-de-desbloqueio-emocional-magnetico.html\">https:\/\/www.parmagnetico.com.br\/curso-avancado-de-desbloqueio-emocional-magnetico.html<\/a><\/p>\n","protected":false},"excerpt":{"rendered":"<p>Instituto Par Magn\u00e9tico (IPM) | Forma\u00e7\u00e3o de Terapeutas em Biomagnetismo Emocional e PICMAG Por: Dra. Adriane Viapiana Bossa Data: 03\/05\/2026 Nos \u00faltimos anos, a ci\u00eancia tem reafirmado algo que terapeutas&nbsp;[ &hellip; ]<\/p>\n","protected":false},"author":3,"featured_media":0,"comment_status":"open","ping_status":"open","sticky":false,"template":"","format":"standard","meta":{"_exactmetrics_skip_tracking":false,"_exactmetrics_sitenote_active":false,"_exactmetrics_sitenote_note":"","_exactmetrics_sitenote_category":0,"footnotes":""},"categories":[1,785,59,20,384],"tags":[43,102,362,24,1085,696,1071,1088,1086,329,1087,35,219,1084,146,1090,1089,840,800,446,889,21,1091,355,12,181,1093,1074,1092],"class_list":["post-1832","post","type-post","status-publish","format-standard","hentry","category-biomagnetismo","category-biomagnetismo-emocional","category-blog","category-desbloqueio-emocional","category-magnetismo","tag-bio","tag-bioenergetica","tag-bioenergia-e-biomagnetismo","tag-biomagnetismo","tag-biomagnetismo-e-dem","tag-biomagnetismo-emocional","tag-ciencia","tag-curso-biomagnetismo-emocional","tag-curso-de-bio","tag-curso-de-biomagnetismo","tag-curso-de-biomagnetismo-emocional","tag-dem","tag-dem-avancado","tag-desbloqueio","tag-desbloqueio-emocional","tag-fisica","tag-formacao","tag-formacao-ipm","tag-instituto-par-magnetico-2","tag-ipm","tag-ipm-instituto-par-magnetico","tag-magnetismo","tag-medicina-alternativa","tag-medicina-integrativa","tag-par-magnetico","tag-terapia","tag-terapia-medicinal","tag-terapias","tag-terapias-medicinais","col-sm-6"],"_links":{"self":[{"href":"https:\/\/blog.institutoparmagnetico.com.br\/index.php?rest_route=\/wp\/v2\/posts\/1832","targetHints":{"allow":["GET"]}}],"collection":[{"href":"https:\/\/blog.institutoparmagnetico.com.br\/index.php?rest_route=\/wp\/v2\/posts"}],"about":[{"href":"https:\/\/blog.institutoparmagnetico.com.br\/index.php?rest_route=\/wp\/v2\/types\/post"}],"author":[{"embeddable":true,"href":"https:\/\/blog.institutoparmagnetico.com.br\/index.php?rest_route=\/wp\/v2\/users\/3"}],"replies":[{"embeddable":true,"href":"https:\/\/blog.institutoparmagnetico.com.br\/index.php?rest_route=%2Fwp%2Fv2%2Fcomments&post=1832"}],"version-history":[{"count":1,"href":"https:\/\/blog.institutoparmagnetico.com.br\/index.php?rest_route=\/wp\/v2\/posts\/1832\/revisions"}],"predecessor-version":[{"id":1833,"href":"https:\/\/blog.institutoparmagnetico.com.br\/index.php?rest_route=\/wp\/v2\/posts\/1832\/revisions\/1833"}],"wp:attachment":[{"href":"https:\/\/blog.institutoparmagnetico.com.br\/index.php?rest_route=%2Fwp%2Fv2%2Fmedia&parent=1832"}],"wp:term":[{"taxonomy":"category","embeddable":true,"href":"https:\/\/blog.institutoparmagnetico.com.br\/index.php?rest_route=%2Fwp%2Fv2%2Fcategories&post=1832"},{"taxonomy":"post_tag","embeddable":true,"href":"https:\/\/blog.institutoparmagnetico.com.br\/index.php?rest_route=%2Fwp%2Fv2%2Ftags&post=1832"}],"curies":[{"name":"wp","href":"https:\/\/api.w.org\/{rel}","templated":true}]}}