{"id":247,"date":"2018-07-24T11:55:03","date_gmt":"2018-07-24T14:55:03","guid":{"rendered":"http:\/\/blog.parmagnetico.com.br\/?p=247"},"modified":"2021-08-18T17:08:34","modified_gmt":"2021-08-18T20:08:34","slug":"como-o-desbloqueio-emocional-magnetico-dem-pode-nos-ajudar-a-vencer-os-limites-de-padroes-da-nossa-personalidade","status":"publish","type":"post","link":"https:\/\/blog.institutoparmagnetico.com.br\/?p=247","title":{"rendered":"Como o Desbloqueio Emocional Magn\u00e9tico &#8211; DEM pode nos ajudar a vencer os limites de padr\u00f5es da nossa personalidade"},"content":{"rendered":"<div>Padr\u00f5es fixos s\u00e3o aprendidos em nossa inf\u00e2ncia e servem de base para nosso comportamento mec\u00e2nico hoje em dia<\/div>\n<div>\u00a0<\/div>\n<div>Para entender bem como funciona os padr\u00f5es de respostas insconsciente ou Mec\u00e2nicas devemos nos inquerir se isso tamb\u00e9m acontece conosco<\/div>\n<div>\u00a0<\/div>\n<div>Por que \u00e9 t\u00e3o dif\u00edcil mudar? Eu sei o que tenho que fazer, o que n\u00e3o quero e o que eu quero, mas como mudar? Como mudar se aprendi assim desde a inf\u00e2ncia?<\/div>\n<div>\u00a0<\/div>\n<div>As programa\u00e7\u00f5es que vieram da inf\u00e2ncia, algumas delas configuradas como complexos, traumas e conflitos s\u00e3o os padr\u00f5es que est\u00e3o mais profundos no inconsciente, que determinam muitas de nossas verdades internas e que muitas vezes n\u00e3o sabemos de onde vieram.<\/div>\n<div>\u00a0<\/div>\n<div>(Atualmente o termo \u201ccren\u00e7as\u201d est\u00e1 sendo muito usado vamos adot\u00e1-lo ao longo do texto.)<\/div>\n<div>Elas vieram das nossas viv\u00eancias da inf\u00e2ncia e tamb\u00e9m da influ\u00eancia de gera\u00e7\u00f5es passadas, como conceitos e cultura familiar que cada um de n\u00f3s teve .<\/div>\n<div>\u00a0<\/div>\n<div>Vamos analisar \u00a0aqui um olhar da perspectiva fisiol\u00f3gica do nosso c\u00e9rebro, do desenvolvimento da crian\u00e7a e a forma\u00e7\u00e3o das nossas programa\u00e7\u00f5es mentais.<\/div>\n<div>A Biologia da Intui\u00e7\u00e3o e a evolu\u00e7\u00e3o das percep\u00e7\u00f5es irracionais ao longo da vida determinam como o c\u00e9rebro da crian\u00e7a firma si as \u201ccren\u00e7as\u201d<\/div>\n<div>Uma das chaves para explicar como se estabelecem as cren\u00e7as \u00e9 o pr\u00f3prio funcionamento do c\u00e9rebro. A diferen\u00e7a entre a atividade cerebral de um adulto e das crian\u00e7as \u00e9 imensa. Nosso c\u00e9rebro opera em 5 principais faixas de frequ\u00eancias cerebrais.<\/div>\n<div>\u00a0<\/div>\n<div>Para n\u00f3s adultos, elas oscilam em 5 faixas de frequ\u00eancias durante o nosso dia, desde o sono, at\u00e9 uma concentra\u00e7\u00e3o intensa. Nas crian\u00e7as at\u00e9 os 12 anos de idade isso \u00e9 totalmente diferente.<\/div>\n<div>\u00a0<\/div>\n<div>Por isso o Desbloqueio Emocional Magn\u00e9tico &#8211; DEM deve ser realizado no organismo da crian\u00e7a ap\u00f3s est\u00e1 idade de 12 anos onde as percep\u00e7\u00f5es e maturidade cerebral j\u00e1 se justificam. Aqui o c\u00e9rebro inicia seus processos de julgamentos pr\u00f3prios de acordo com o que aprendizado de mundo at\u00e9 este momento.<\/div>\n<div>Antes dos 12 anos o Desbloqueio Emocional Magn\u00e9tico &#8211; DEM deve ser realizado no organismo dos pais pois estes estabelecem grande partes das cren\u00e7as de seus filhos, liberando as subst\u00e2ncias nocivas de uma emo\u00e7\u00e3o identificada como patol\u00f3gica nos pais os filhos recebem por afinidade vibrat\u00f3ria o princ\u00edpio da mudan\u00e7a de conceitos e cren\u00e7as.<\/div>\n<div><img loading=\"lazy\" decoding=\"async\" class=\"alignnone size-full wp-image-248\" src=\"http:\/\/blog.parmagnetico.com.br\/wp-content\/uploads\/2018\/07\/unnamed.png\" alt=\"\" width=\"1024\" height=\"764\" srcset=\"https:\/\/blog.institutoparmagnetico.com.br\/wp-content\/uploads\/2018\/07\/unnamed.png 1024w, https:\/\/blog.institutoparmagnetico.com.br\/wp-content\/uploads\/2018\/07\/unnamed-300x224.png 300w, https:\/\/blog.institutoparmagnetico.com.br\/wp-content\/uploads\/2018\/07\/unnamed-768x573.png 768w, https:\/\/blog.institutoparmagnetico.com.br\/wp-content\/uploads\/2018\/07\/unnamed-710x530.png 710w\" sizes=\"auto, (max-width: 1024px) 100vw, 1024px\" \/><\/div>\n<div>\n<div>\n<div>Como podemos ver na imagem, a atividade cerebral de um beb\u00ea acordado opera na mesma faixa de frequ\u00eancia de quando estamos em sono profundo, em delta! Nesse estado estamos totalmente inconscientes. \u00c9 o que ocorre com o beb\u00ea, por isso n\u00e3o lembramos dessa fase.<\/div>\n<div>De 2 a 6 anos predomina a frequ\u00eancia theta, e dos 6 aos 12, alfa.<\/div>\n<div>Podemos pensar ent\u00e3o que a crian\u00e7a est\u00e1 vendo o mundo praticamente da mesma maneira que vivenciamos um sonho ou uma medita\u00e7\u00e3o. Assim, por mais que percebamos que a crian\u00e7a \u201centende\u201d algo, n\u00e3o \u00e9 igual ao nosso entendimento racional.<\/div>\n<div>\u00a0<\/div>\n<div>Rudolf Steiner grande fil\u00f3sofo, educador, artista e esoterista. Foi fundador da medicina antropos\u00f3fica, da pedagogia Waldorf e da agricultura biodin\u00e2mica\u00a0j\u00e1 havia percebido essa din\u00e2mica da crian\u00e7a e dizia que at\u00e9 os 7 anos a crian\u00e7a est\u00e1 como \u201cdormindo\u201d.<\/div>\n<div>Mesmo sem os equipamentos para verificar o funcionamento cerebral Steiner j\u00e1 entendia como a crian\u00e7a percebia o mundo, como num mundo da fantasia, ou do sonho, sendo que at\u00e9 os 7 sua express\u00e3o \u00e9 preferencialmente por imita\u00e7\u00e3o. Por isso, a alfabetiza\u00e7\u00e3o na pedagogia Waldorf acontece a partir dos 7 anos num processo que se estende at\u00e9 os 10.<\/div>\n<div>\u00a0<\/div>\n<div>At\u00e9 os 07 anos s\u00e3o formadas as programa\u00e7\u00f5es b\u00e1sicas, aquilo que fazemos de maneira autom\u00e1tica. O fato de operarem em n\u00edveis baixos de consci\u00eancia, as vivencias s\u00e3o levadas direto ao inconsciente, sem filtros ou discrimina\u00e7\u00e3o anal\u00edtica. Somos como uma \u201cesponja\u201d absorvendo o que ocorre ao nosso redor.<\/div>\n<div>\u00a0<\/div>\n<div>Os jesu\u00edtas j\u00e1 sabiam disso e se diziam: \u201cEntregue aos meus cuidados uma crian\u00e7a at\u00e9 os 7 nos e lhe entregarei um homem\u201d<\/div>\n<div>\u00a0<\/div>\n<div>A partir dos 7 a crian\u00e7a deixa um universo da imita\u00e7\u00e3o para iniciar a express\u00e3o de uma vontade interna. Esse entrela\u00e7amento com a fam\u00edlia e o meio faz com que a crian\u00e7a, por vezes, expresse alguma quest\u00e3o que n\u00e3o \u00e9 sua. Uma preocupa\u00e7\u00e3o dos pais pode gerar, por exemplo, um sintoma na crian\u00e7a.<\/div>\n<div>\u00a0<\/div>\n<div>A partir dos 12 anos, o c\u00e9rebro j\u00e1 expressa todas as frequ\u00eancias, embora o estado predominante seja Beta, voltado para a consci\u00eancia e foco. Nesta fase, a crian\u00e7a termina o n\u00edvel mais b\u00e1sico de aprendizagem da escola e passa a trabalhar com as informa\u00e7\u00f5es acad\u00eamicas um pouco mais complexas.<\/div>\n<div>\u00a0<\/div>\n<div>Quando a crian\u00e7a passa para a adolesc\u00eancia ela est\u00e1 cheia de informa\u00e7\u00f5es, como seu modo de falar, a no\u00e7\u00e3o de que pode ter tudo o que deseja ou a ideia de que para conquistar algo ser\u00e1 uma tarefa \u00e1rdua e dif\u00edcil. Depende do que ela viveu.<\/div>\n<div><img loading=\"lazy\" decoding=\"async\" class=\"size-full wp-image-252 aligncenter\" src=\"http:\/\/blog.parmagnetico.com.br\/wp-content\/uploads\/2018\/07\/problemas-familiares.jpg\" alt=\"\" width=\"680\" height=\"414\" srcset=\"https:\/\/blog.institutoparmagnetico.com.br\/wp-content\/uploads\/2018\/07\/problemas-familiares.jpg 680w, https:\/\/blog.institutoparmagnetico.com.br\/wp-content\/uploads\/2018\/07\/problemas-familiares-300x183.jpg 300w\" sizes=\"auto, (max-width: 680px) 100vw, 680px\" \/><\/div>\n<div>Estas cren\u00e7as influenciam nossa vida adulta, por isso, quando nos tornamos adultos e come\u00e7amos a sentir o que queremos, nossas programa\u00e7\u00f5es nem sempre contribuem. Elas n\u00e3o s\u00e3o necessariamente express\u00e3o da vontade do Ser. S\u00e3o padr\u00f5es dos nossos pais, familiares, de est\u00edmulos que recebemos na escola nessa fase. Funcionam como filtros para enxergar e conviver com o mundo.<\/div>\n<div>\u00a0<\/div>\n<div>Ent\u00e3o podemos pensar que somos escravos das nossas programa\u00e7\u00f5es?<\/div>\n<div>Segundo o estudo da Biologia da Cren\u00e7a, do Bruce Lipton, as programa\u00e7\u00f5es podem ser ativadas pela nossa viv\u00eancia hoje e tamb\u00e9m podem ser alteradas, ou resignificadas. \u00c9 um dos nossos desafios da maturidade, na busca pela express\u00e3o do nosso Ser.<\/div>\n<div>\u00a0<\/div>\n<div>E como mudar? Acessando essas programa\u00e7\u00f5es escritas por tr\u00e1s desses sintomas, comportamentos, cren\u00e7as, mergulhando fundo no inconsciente para nos auto conhecer, nos auto descobrir e pela consci\u00eancia ativar ou desativar informa\u00e7\u00f5es.<\/div>\n<div>\u00a0<\/div>\n<div>As medita\u00e7\u00f5es podem contribuir muito, a associa\u00e7\u00e3o da medita\u00e7\u00e3o com exerc\u00edcios retrospectivos, ap\u00f3s um Desbloqueio Emocional Magn\u00e9tico &#8211; DEM que libera as subst\u00e2ncias qu\u00edmicas dos traumas pode nos conduzir ao auto conhecimento e libera\u00e7\u00e3o de padr\u00f5es e programa\u00e7\u00f5es de nossa personalidade que n\u00e3o nos interessa mais para o momento atual de vida e que limitam nossas percep\u00e7\u00f5es de mundo presente.<\/div>\n<div>Chegar a alfa e theta conscientemente nos possibilita alcan\u00e7ar o \u201cuniverso\u201d vivenciado naquela \u00e9poca da inf\u00e2ncia, trazendo informa\u00e7\u00f5es e oportunidades de mudan\u00e7as radicais em nossa vida.<\/div>\n<div>\u00a0<\/div>\n<div>Muitas s\u00e3o as possibilidades para reescrever uma nova hist\u00f3ria a partir de hoje.<\/div>\n<div>\u00a0<\/div>\n<div>Mudar h\u00e1bitos e at\u00e9 sintomas pode parecer dif\u00edcil porque as ra\u00edzes n\u00e3o est\u00e3o mapeadas conscientemente. Mas a MUDAN\u00c7A \u00c9 POSS\u00cdVEL!<\/div>\n<\/div>\n<div><img loading=\"lazy\" decoding=\"async\" class=\" wp-image-249 alignleft\" src=\"http:\/\/blog.parmagnetico.com.br\/wp-content\/uploads\/2018\/07\/Sem-t\u00edtulo.jpg587.jpg\" alt=\"\" width=\"560\" height=\"379\" srcset=\"https:\/\/blog.institutoparmagnetico.com.br\/wp-content\/uploads\/2018\/07\/Sem-t\u00edtulo.jpg587.jpg 593w, https:\/\/blog.institutoparmagnetico.com.br\/wp-content\/uploads\/2018\/07\/Sem-t\u00edtulo.jpg587-300x203.jpg 300w\" sizes=\"auto, (max-width: 560px) 100vw, 560px\" \/><\/div>\n<div>\n<div>\u00a0<\/div>\n<div>Seja por medita\u00e7\u00e3o, por terapia, a primeira mudan\u00e7a \u00e9 reconhecer que n\u00e3o somos escravos da nossa gen\u00e9tica ou da nossa hist\u00f3ria e da nossa fam\u00edlia ou da nossa epigen\u00e9tica.<\/div>\n<div>Um caminho novo pode ser escrito e a influ\u00eancia do que foi pode ser minimizada ou transformada radicalmente dependendo de nossa vontade consciente.<\/div>\n<div>\u00a0<\/div>\n<\/div>\n<div>\u00a0<\/div>\n<\/div>\n<div>\u00a0<\/div>\n<div>Este blog \u00e9 apenas um blog educativo. As informa\u00e7\u00f5es e servi\u00e7os aqui contidos n\u00e3o devem ser interpretados como um diagn\u00f3stico, tratamento, prescri\u00e7\u00e3o ou cura para a doen\u00e7a. Aqueles que buscam tratamento para uma doen\u00e7a espec\u00edfica devem consultar seu m\u00e9dico para determinar o protocolo de tratamento adequado, correto e aceito antes de usar qualquer coisa que \u00e9 divulgado nesta p\u00e1gina.<\/div>\n<div>\u00a0<\/div>\n<div>\u00a0<\/div>\n<div>\u00a0<\/div>\n<div>\n<div>Leia tamb\u00e9m no Blog &#8211; O que s\u00e3o as Emo\u00e7\u00f5es Herdadas &#8211; onde explicamos a epigen\u00e9tica e sua influ\u00eancia em nossas vidas<\/div>\n<div>\u00a0<\/div>\n<div>Entre no site\u00a0<a href=\"https:\/\/www.parmagnetico.com.br\/\" target=\"_blank\" rel=\"noopener\" data-saferedirecturl=\"https:\/\/www.google.com\/url?q=https:\/\/www.parmagnetico.com.br\/&amp;source=gmail&amp;ust=1532529754763000&amp;usg=AFQjCNFrkH9E9cgIbF83coboi6IWXA1sIQ\">https:\/\/www.parmagnetico.<wbr \/>com.br\/<\/a>\u00a0e busque terapeutas de Desbloqueio Emocional Magn\u00e9tico &#8211; DEM &#8211; experimente como \u00e9 Ser Livre<\/div>\n<div>\u00a0<\/div>\n<div>Adriane Viapiana Bossa<\/div>\n<div>\u00a0<\/div>\n<div>Fonte:<\/div>\n<div>\n<div>\u00a0<\/div>\n<\/div>\n<div><a href=\"http:\/\/www.jungnapratica.com.br\/habitos-infancia\/\" target=\"_blank\" rel=\"noopener\" data-saferedirecturl=\"https:\/\/www.google.com\/url?q=http:\/\/www.jungnapratica.com.br\/habitos-infancia\/&amp;source=gmail&amp;ust=1532529754763000&amp;usg=AFQjCNHxko4jQ5NRVeH2cfwL-YBzy6hixg\">http:\/\/www.jungnapratica.com.<wbr \/>br\/habitos-infancia\/<\/a><\/div>\n<div>\u00a0<\/div>\n<div>Biologia da Cren\u00e7a, do Bruce Lipton &#8211;\u00a0<a href=\"https:\/\/www.estantevirtual.com.br\/livros\/bruce-h-lipton\/a-biologia-da-crenca\/686551729?qctc_solr=2&amp;q=A%20Biologia%20da%20Cren%E7a%20Bruce%20H.%20Lipton\" target=\"_blank\" rel=\"noopener\" data-saferedirecturl=\"https:\/\/www.google.com\/url?q=https:\/\/www.estantevirtual.com.br\/livros\/bruce-h-lipton\/a-biologia-da-crenca\/686551729?qctc_solr%3D2%26q%3DA%2520Biologia%2520da%2520Cren%25E7a%2520Bruce%2520H.%2520Lipton&amp;source=gmail&amp;ust=1532529754764000&amp;usg=AFQjCNEhnIGUExmotktYZKILx4DZ39MBDA\">https:\/\/www.estantevirtual.<wbr \/>com.br\/livros\/bruce-h-lipton\/<wbr \/>a-biologia-da-crenca\/<wbr \/>686551729?qctc_solr=2&amp;q=A%<wbr \/>20Biologia%20da%20Cren%E7a%<wbr \/>20Bruce%20H.%20Lipton<\/a><\/div>\n<div>\u00a0<\/div>\n<div>Educa\u00e7\u00e3o Fundamental \u00a0 &#8211; Samael Aun Weor &#8211;<\/div>\n<div><a href=\"http:\/\/gnosisbrasil.com\/samael-aun-weor-livros-originais\/\" target=\"_blank\" rel=\"noopener\" data-saferedirecturl=\"https:\/\/www.google.com\/url?q=http:\/\/gnosisbrasil.com\/samael-aun-weor-livros-originais\/&amp;source=gmail&amp;ust=1532529754764000&amp;usg=AFQjCNGrPbrzE9ENcERaC1tOTe8dc2SrRA\">http:\/\/gnosisbrasil.com\/<wbr \/>samael-aun-weor-livros-<wbr \/>originais\/<\/a><\/div>\n<\/div>\n\n\n<p><\/p>\n","protected":false},"excerpt":{"rendered":"<p>Padr\u00f5es fixos s\u00e3o aprendidos em nossa inf\u00e2ncia e servem de base para nosso comportamento mec\u00e2nico hoje em dia \u00a0 Para entender bem como funciona os padr\u00f5es de respostas insconsciente ou&nbsp;[ &hellip; ]<\/p>\n","protected":false},"author":3,"featured_media":250,"comment_status":"open","ping_status":"open","sticky":false,"template":"","format":"standard","meta":{"_exactmetrics_skip_tracking":false,"_exactmetrics_sitenote_active":false,"_exactmetrics_sitenote_note":"","_exactmetrics_sitenote_category":0,"footnotes":""},"categories":[20],"tags":[],"class_list":["post-247","post","type-post","status-publish","format-standard","has-post-thumbnail","hentry","category-desbloqueio-emocional","col-sm-6"],"_links":{"self":[{"href":"https:\/\/blog.institutoparmagnetico.com.br\/index.php?rest_route=\/wp\/v2\/posts\/247","targetHints":{"allow":["GET"]}}],"collection":[{"href":"https:\/\/blog.institutoparmagnetico.com.br\/index.php?rest_route=\/wp\/v2\/posts"}],"about":[{"href":"https:\/\/blog.institutoparmagnetico.com.br\/index.php?rest_route=\/wp\/v2\/types\/post"}],"author":[{"embeddable":true,"href":"https:\/\/blog.institutoparmagnetico.com.br\/index.php?rest_route=\/wp\/v2\/users\/3"}],"replies":[{"embeddable":true,"href":"https:\/\/blog.institutoparmagnetico.com.br\/index.php?rest_route=%2Fwp%2Fv2%2Fcomments&post=247"}],"version-history":[{"count":3,"href":"https:\/\/blog.institutoparmagnetico.com.br\/index.php?rest_route=\/wp\/v2\/posts\/247\/revisions"}],"predecessor-version":[{"id":793,"href":"https:\/\/blog.institutoparmagnetico.com.br\/index.php?rest_route=\/wp\/v2\/posts\/247\/revisions\/793"}],"wp:featuredmedia":[{"embeddable":true,"href":"https:\/\/blog.institutoparmagnetico.com.br\/index.php?rest_route=\/wp\/v2\/media\/250"}],"wp:attachment":[{"href":"https:\/\/blog.institutoparmagnetico.com.br\/index.php?rest_route=%2Fwp%2Fv2%2Fmedia&parent=247"}],"wp:term":[{"taxonomy":"category","embeddable":true,"href":"https:\/\/blog.institutoparmagnetico.com.br\/index.php?rest_route=%2Fwp%2Fv2%2Fcategories&post=247"},{"taxonomy":"post_tag","embeddable":true,"href":"https:\/\/blog.institutoparmagnetico.com.br\/index.php?rest_route=%2Fwp%2Fv2%2Ftags&post=247"}],"curies":[{"name":"wp","href":"https:\/\/api.w.org\/{rel}","templated":true}]}}