{"id":658,"date":"2019-12-31T11:37:52","date_gmt":"2019-12-31T13:37:52","guid":{"rendered":"http:\/\/blog.parmagnetico.com.br\/?p=658"},"modified":"2019-12-31T11:37:54","modified_gmt":"2019-12-31T13:37:54","slug":"como-funcionam-as-emocoes","status":"publish","type":"post","link":"https:\/\/blog.institutoparmagnetico.com.br\/?p=658","title":{"rendered":"Como funcionam as emo\u00e7\u00f5es?"},"content":{"rendered":"\n<p>\n\nO Desbloqueio Emocional Magn\u00e9tico &#8211; DEM \u00e9 uma terapia natural,n\u00e3o invasiva, que utiliza a Bioenerg\u00e9tica e a Cinesiologia para a identificar e liberar emo\u00e7\u00f5es (subst\u00e2ncias qu\u00edmicas &nbsp;n\u00e3o metabolizadas e n\u00e3o excretadas corretamente pelo corpo psicobiol\u00f3gico) nocivas \u00e0 sa\u00fade, atrav\u00e9s do uso de \u00edm\u00e3s espec\u00edficos para a t\u00e9cnica e exerc\u00edcios de respira\u00e7\u00e3o.<\/p>\n\n\n\n<p><strong>As emo\u00e7\u00f5es tem uma natureza bioqu\u00edmica e uma natureza energ\u00e9tica<\/strong>, sua natureza bioqu\u00edmica nos leva a estados de \u00e2nimo que s\u00e3o inclusive sentidos pelas outras pessoas, \u00e9 imposs\u00edvel algu\u00e9m estar de mal humor, ou com raiva ou com medo e isso n\u00e3o ser percebido pelos demais, isto acontece pela natureza das emo\u00e7\u00f5es.<\/p>\n\n\n\n<div class=\"wp-block-image\"><figure class=\"aligncenter size-large\"><img loading=\"lazy\" decoding=\"async\" width=\"275\" height=\"183\" src=\"http:\/\/blog.parmagnetico.com.br\/wp-content\/uploads\/2019\/12\/imagesadasd.jpg\" alt=\"\" class=\"wp-image-659\" srcset=\"https:\/\/blog.institutoparmagnetico.com.br\/wp-content\/uploads\/2019\/12\/imagesadasd.jpg 275w, https:\/\/blog.institutoparmagnetico.com.br\/wp-content\/uploads\/2019\/12\/imagesadasd-270x180.jpg 270w\" sizes=\"auto, (max-width: 275px) 100vw, 275px\" \/><\/figure><\/div>\n\n\n\n<p>Para entender mais claramente a natureza das emo\u00e7\u00f5es do ponto de vista energ\u00e9tico, precisamos conhecer a exist\u00eancia de campos de energia humanos. &nbsp;Essa parte do nosso ser est\u00e1 imperceptivelmente cercando nosso corpo f\u00edsico em \u00f3rbitas de consci\u00eancia energ\u00e9tica que interagem umas com as outras, dando origem a nosso humor e personalidade.<\/p>\n\n\n\n<p>Atualmente, um grande n\u00famero de cientistas se dedicou \u00e0 investiga\u00e7\u00e3o dos campos de energia humana, demonstrando de maneira conclusiva a exist\u00eancia desses campos de energia ao redor do corpo.<br>O Dr. Kostantin Korotkov, biof\u00edsico da Universidade de S\u00e3o Petersburgo, R\u00fassia, \u00e9 um cientista de renome mundial por seus estudos no campo da energia humana. &nbsp;Afirma que \u00e9 uma realidade subjacente; &nbsp;Ele chama isso de campo auditivo ou campo de luz e argumenta que ele existe em uma manifesta\u00e7\u00e3o mais profunda dentro da nossa personalidade e at\u00e9 fora do nosso corpo f\u00edsico.<br>Todos esses campos s\u00e3o \u00f3rbitas, compostas por unidades de energia inteligentes &#8211; \u00e1tomos em constante estado de fluxo e movimento; &nbsp;Eles s\u00e3o diferentes em frequ\u00eancia e vibra\u00e7\u00e3o. &nbsp;Cada campo tem uma vibra\u00e7\u00e3o mais alta que a anterior. &nbsp;Korotkov identificou quatro \u00f3rbitas ao redor do corpo f\u00edsico, sendo estas \u00f3rbitas as respons\u00e1veis \u200b\u200bpelas principais fun\u00e7\u00f5es do ser: relacionamentos f\u00edsicos, emocionais, mentais e interpessoais. &nbsp;<\/p>\n\n\n\n<div class=\"wp-block-image\"><figure class=\"aligncenter size-large\"><img loading=\"lazy\" decoding=\"async\" width=\"275\" height=\"183\" src=\"http:\/\/blog.parmagnetico.com.br\/wp-content\/uploads\/2019\/12\/njnjb.jpg\" alt=\"\" class=\"wp-image-660\" srcset=\"https:\/\/blog.institutoparmagnetico.com.br\/wp-content\/uploads\/2019\/12\/njnjb.jpg 275w, https:\/\/blog.institutoparmagnetico.com.br\/wp-content\/uploads\/2019\/12\/njnjb-270x180.jpg 270w\" sizes=\"auto, (max-width: 275px) 100vw, 275px\" \/><\/figure><\/div>\n\n\n\n<p class=\"has-text-align-center\"><strong><em>Os campos de energia humana:<\/em><\/strong><br>&#8211; Corpo f\u00edsico<br>O corpo f\u00edsico \u00e9 constitu\u00eddo por \u00e1tomos, mol\u00e9culas, c\u00e9lulas, tecidos, \u00f3rg\u00e3os e sistemas; \u00a0\u00e9 o corpo bioqu\u00edmico e fisiol\u00f3gico; \u00a0\u00c9 a materialidade do nosso ser. \u00a0Tem uma frequ\u00eancia vibrat\u00f3ria lenta em rela\u00e7\u00e3o a outros campos de energia humana. \u00a0Atrav\u00e9s do nosso corpo f\u00edsico, nossa consci\u00eancia espiritual e nossa intelig\u00eancia racional entram em contato com a realidade do mundo material.<\/p>\n\n\n\n<ul class=\"wp-block-list\"><li>Campo et\u00e9reo<br>Primeiro n\u00edvel do campo energ\u00e9tico humano. \u00a0O campo et\u00e9reo (de &#8220;\u00e9ter&#8221;, estado entre energia e mat\u00e9ria), composto por pequenas linhas de energia que est\u00e3o intimamente relacionadas ao corpo f\u00edsico; \u00a0\u00e9 uma r\u00e9plica exata do corpo f\u00edsico denso; \u00a0Todas as vibra\u00e7\u00f5es positivas ou negativas passam primeiro por esse campo de energia e depois se manifestam no f\u00edsico. \u00a0\u00c9 um receptor e distribuidor da energia que nos conecta a Terra e ao Sol; \u00a0vitaliza o corpo f\u00edsico por meio de uma rede de canais energ\u00e9ticos chamados medicina chinesa nadis &#8211; meridianos em acupuntura -, localizados em alguns locais do sistema nervoso e capazes de ativar as gl\u00e2ndulas end\u00f3crinas, depois para o sangue e da\u00ed para os \u00f3rg\u00e3os \u00a0e sistemas corporais.<br>A consci\u00eancia nesse n\u00edvel de ser \u00e9 expressa em sensa\u00e7\u00f5es agrad\u00e1veis ou desagrad\u00e1veis: frio, calor, fome, dor.<\/li><\/ul>\n\n\n\n<ul class=\"wp-block-list\"><li>Campo emocional<br>O segundo n\u00edvel do campo de energia humano corresponde ao campo emocional. \u00a0Nesse campo, a energia se manifesta atrav\u00e9s de sensa\u00e7\u00f5es de atra\u00e7\u00e3o e repuls\u00e3o; \u00a0Portanto, \u00e9 energia magn\u00e9tica. \u00a0\u00c9 o centro dos sentimentos, sensa\u00e7\u00f5es, emo\u00e7\u00f5es, desejos e desejos; \u00a0\u00c9 o ve\u00edculo de express\u00e3o para toda a humanidade. \u00a0Esse campo \u00e9 constantemente afetado pelos pensamentos que provocam sensa\u00e7\u00f5es e resultam em emo\u00e7\u00f5es. \u00a0E isso ocorre porque h\u00e1 uma intera\u00e7\u00e3o constante entre o segundo e o terceiro campos: o campo emocional e o campo mental.<br>Por exemplo, o caso do terremoto de 1985 na Cidade do M\u00e9xico gerou v\u00e1rias emo\u00e7\u00f5es para a popula\u00e7\u00e3o e, principalmente, para os parentes, que, vendo as imagens da destrui\u00e7\u00e3o, perceberam impress\u00f5es que se traduziam em ang\u00fastia, medo, incerteza e desespero; \u00a0uma s\u00e9rie de vibra\u00e7\u00f5es produzidas por sensa\u00e7\u00f5es s\u00e3o comunicadas ao corpo et\u00e9rico e isso ao corpo f\u00edsico; \u00a0como o vazio cl\u00e1ssico no est\u00f4mago causado por ansiedade, incerteza e ang\u00fastia; \u00a0bem como taquicardias e outras, derivadas das sensa\u00e7\u00f5es que se tornam rea\u00e7\u00f5es emocionais.<br>Da mesma forma, as vibra\u00e7\u00f5es de alta frequ\u00eancia geradas por bons eventos, eles d\u00e3o origem a emo\u00e7\u00f5es como amor, alegria, euforia, compaix\u00e3o, toler\u00e2ncia, paci\u00eancia etc., que s\u00e3o transmitidas deste o campo emocional para os dois campos inferiores &#8211; et\u00e9reo e f\u00edsico.<br>Nesse n\u00edvel, a consci\u00eancia \u00e9 expressa em rea\u00e7\u00f5es prim\u00e1rias b\u00e1sicas, como medo, raiva, inveja, tristeza, ressentimento, ansiedade, ang\u00fastia e assim por diante. \u00a0Assim, quando nos livramos deles, o n\u00edvel de consci\u00eancia aumenta e eles se tornam sentimentos de tranquilidade, alegria, confian\u00e7a, amor, perd\u00e3o e assim por diante.<\/li><\/ul>\n\n\n\n<ul class=\"wp-block-list\"><li>Campo mental<br>Terceiro n\u00edvel do campo energ\u00e9tico humano. \u00a0\u00c9 um campo de natureza el\u00e9trica. \u00a0Brennan descreve isso como linhas muito finas de energia que vibram a uma velocidade muito alta, e est\u00e1 relacionado ao nosso mundo mental racional.<br>Nossos pensamentos, cren\u00e7as, experi\u00eancias e aprendizado s\u00e3o registrados neste campo, como diz a m\u00fasica \u201c fica sempre um pouco de perfume nas m\u00e3os que oferecem roas, nas m\u00e3os que sabem ser generosas&#8230; \u201c . \u00a0Este campo \u00e9 afetado por pensamentos, percep\u00e7\u00f5es e informa\u00e7\u00f5es, mesmo de fora, j\u00e1 que ele interage constantemente com o campo emocional e todos os pensamentos positivos ou negativos, certos ou errados, verdadeiros ou imagin\u00e1rios, exercem um efeito nele e depois nos n\u00edveis emocional, et\u00e9reo e f\u00edsico.<br>Existem energias de alta vibra\u00e7\u00e3o geradas pelos pensamentos edificantes gera sensa\u00e7\u00f5es f\u00edsicas agrad\u00e1veis \u200b\u200bde amor, alegria, paz, serenidade, confian\u00e7a; \u00a0Poder\u00edamos chamar esse estado de esp\u00edrito de mente superior ou de alta frequ\u00eancia vibracional. \u00a0Pensamentos destrutivos, como inveja, raiva, medo, \u00f3dio, intoler\u00e2ncia, para citar alguns, causam uma vibra\u00e7\u00e3o de energia muito baixa, que corresponde a um estado mental inferior e afeta todas as dimens\u00f5es do ser, desde as espirituais, at\u00e9 atingir nosso corpo. \u00a0f\u00edsico, produzindo condi\u00e7\u00f5es da ordem f\u00edsica de um resfriado, \u00falceras, gastrite, at\u00e9 as mais complexas doen\u00e7as: c\u00e2ncer; \u00a0e na personalidade, desconfian\u00e7a, medo, mau humor, amargura, neurose, depress\u00f5es e muito mais.<br>Nesse n\u00edvel, a consci\u00eancia \u00e9 expressa em termos de pensamento racional. \u00a0Este \u00e9 o plano da mente anal\u00edtica linear e sua ferramenta no plano f\u00edsico \u00e9 o c\u00e9rebro, que corresponde \u00e0 mente concreta; \u00a0quem pensa, aprende, analisa e manifesta a intelig\u00eancia.<\/li><\/ul>\n\n\n\n<ul class=\"wp-block-list\"><li>Quarto campo de intera\u00e7\u00e3o<br>Quarto n\u00edvel do campo energ\u00e9tico humano. \u00a0\u00c9 conhecida como uma ponte entre os mundos espiritual e material. \u00a0Atrav\u00e9s dele, interagimos com nossos semelhantes, bem como com toda a cria\u00e7\u00e3o: plantas, animais, coisas, sol, estrelas e todo o universo em um n\u00edvel energ\u00e9tico. \u00a0Quando esse campo \u00e9 fraco ou rachado, as pessoas geralmente t\u00eam dificuldade em se relacionar e est\u00e3o constantemente em conflito.<br>\u00c9 neste campo que o amor, a empatia, a toler\u00e2ncia e a compreens\u00e3o s\u00e3o sentidos e manifestados nos relacionamentos interpessoais; \u00a0o carinho no casal, filhos, pais, entre parentes, amigos e com todas as pessoas com quem temos que lidar, seja em fam\u00edlia, profissional ou socialmente.<br>Este quarto campo tamb\u00e9m se relaciona com sonhos, palpites e mem\u00f3rias, com a parte n\u00e3o racional de nossa mente. \u00a0Quando \u00e9 poss\u00edvel desenvolver esse n\u00edvel, as afirma\u00e7\u00f5es que se instalam no reino intuitivo tornam-se pensamentos de energia compat\u00edveis com o campo mental, que adquirem for\u00e7a emocional e energia [et\u00e9rea] ativa antes de se manifestarem no n\u00edvel f\u00edsico.<br>Quando entramos em um estado de devaneio e nosso c\u00e9rebro est\u00e1 em um estado alfa, deixamos escapar a \u201cess\u00eancia consci\u00eancia\u201d dentro de n\u00f3s para quem tudo \u00e9 poss\u00edvel; \u00a0Ele \u00e9 confiante e inocente. \u00a0Fazemos com que nossa \u201cess\u00eancia consci\u00eancia\u201d se expresse e projete pensamentos, desejos e desejos que para a mente racional s\u00e3o imposs\u00edveis de realizar. \u00a0Se conseguirmos que a mente racional n\u00e3o os cancele, mais cedo ou mais tarde eles ser\u00e3o materializados.<br>A consci\u00eancia nesse n\u00edvel \u00e9 totalmente expressa quando se aprende a amar; \u00a0amar sem condi\u00e7\u00f5es e se manifesta por emana\u00e7\u00f5es amorosas agrad\u00e1veis, que v\u00e3o al\u00e9m do indiv\u00edduo, para abranger os mais pr\u00f3ximos, como pais, irm\u00e3os, parceiros, filhos, \u00e0 humanidade, at\u00e9 atingir a capacidade do amor universal &#8211; AQUI EST\u00c1 O TERAPEUTA DE CADA UM DE N\u00d3S.<br>Quando aceitamos essa realidade avassaladora do nosso ser e entendemos o que Brennan exp\u00f5e em seu livro M\u00e3os que Curam, e entendemos os campos de energia que nos cercam e como eles distorcem ou s\u00e3o afetados pelas situa\u00e7\u00f5es e circunst\u00e2ncias da vida, compreendemos que sim \u00e9 poss\u00edvel corrigir \u00a0essas anomalias dos campos com indu\u00e7\u00e3o magn\u00e9tica, e para nossa surpresa \u00e9 muito muito agrad\u00e1vel perceber que com o s\u00e1bio uso de um campo magn\u00e9tico a ansiedade desaparece e com outro a ang\u00fastia e tristeza, e assim por diante. \u00c9 isso que o Desbloqueio Emocional Magn\u00e9tico &#8211; DEM nos proporciona, o equil\u00edbrio das energias circundantes \u00e0 mat\u00e9ria corpo f\u00edsico de maneira integra, que respeita a individualidade do Ser tratado, j\u00e1 que o terapeuta \u00e9 somente instrumento facilitador de ativa\u00e7\u00e3o das percep\u00e7\u00f5es s\u00e3o inatas ao seres humanos.<br><\/li><\/ul>\n\n\n\n<div class=\"wp-block-image\"><figure class=\"aligncenter size-large is-resized\"><img loading=\"lazy\" decoding=\"async\" src=\"http:\/\/blog.parmagnetico.com.br\/wp-content\/uploads\/2019\/12\/sasasas-1.jpg\" alt=\"\" class=\"wp-image-662\" width=\"351\" height=\"176\" srcset=\"https:\/\/blog.institutoparmagnetico.com.br\/wp-content\/uploads\/2019\/12\/sasasas-1.jpg 318w, https:\/\/blog.institutoparmagnetico.com.br\/wp-content\/uploads\/2019\/12\/sasasas-1-300x150.jpg 300w\" sizes=\"auto, (max-width: 351px) 100vw, 351px\" \/><\/figure><\/div>\n\n\n\n<p> Adriane Viapiana Bossa<br>Fonte: Biomagnetismo Psicoemocional Teoria &#8211; Ana Micaela Castro Le\u00f3n  <\/p>\n\n\n\n<p> Este blog \u00e9 apenas um blog educativo. As informa\u00e7\u00f5es e servi\u00e7os aqui contidos n\u00e3o devem ser interpretados como um diagn\u00f3stico, tratamento, prescri\u00e7\u00e3o ou cura para a doen\u00e7a. Aqueles que buscam tratamento para uma doen\u00e7a espec\u00edfica devem consultar seu m\u00e9dico para determinar o protocolo de tratamento adequado, correto e aceito antes de usar qualquer coisa que \u00e9 divulgado nesta p\u00e1gina. <\/p>\n","protected":false},"excerpt":{"rendered":"<p>O Desbloqueio Emocional Magn\u00e9tico &#8211; DEM \u00e9 uma terapia natural,n\u00e3o invasiva, que utiliza a Bioenerg\u00e9tica e a Cinesiologia para a identificar e liberar emo\u00e7\u00f5es (subst\u00e2ncias qu\u00edmicas &nbsp;n\u00e3o metabolizadas e n\u00e3o&nbsp;[ &hellip; ]<\/p>\n","protected":false},"author":3,"featured_media":663,"comment_status":"open","ping_status":"open","sticky":false,"template":"","format":"standard","meta":{"_exactmetrics_skip_tracking":false,"_exactmetrics_sitenote_active":false,"_exactmetrics_sitenote_note":"","_exactmetrics_sitenote_category":0,"footnotes":""},"categories":[20],"tags":[],"class_list":["post-658","post","type-post","status-publish","format-standard","has-post-thumbnail","hentry","category-desbloqueio-emocional","col-sm-6"],"_links":{"self":[{"href":"https:\/\/blog.institutoparmagnetico.com.br\/index.php?rest_route=\/wp\/v2\/posts\/658","targetHints":{"allow":["GET"]}}],"collection":[{"href":"https:\/\/blog.institutoparmagnetico.com.br\/index.php?rest_route=\/wp\/v2\/posts"}],"about":[{"href":"https:\/\/blog.institutoparmagnetico.com.br\/index.php?rest_route=\/wp\/v2\/types\/post"}],"author":[{"embeddable":true,"href":"https:\/\/blog.institutoparmagnetico.com.br\/index.php?rest_route=\/wp\/v2\/users\/3"}],"replies":[{"embeddable":true,"href":"https:\/\/blog.institutoparmagnetico.com.br\/index.php?rest_route=%2Fwp%2Fv2%2Fcomments&post=658"}],"version-history":[{"count":1,"href":"https:\/\/blog.institutoparmagnetico.com.br\/index.php?rest_route=\/wp\/v2\/posts\/658\/revisions"}],"predecessor-version":[{"id":664,"href":"https:\/\/blog.institutoparmagnetico.com.br\/index.php?rest_route=\/wp\/v2\/posts\/658\/revisions\/664"}],"wp:featuredmedia":[{"embeddable":true,"href":"https:\/\/blog.institutoparmagnetico.com.br\/index.php?rest_route=\/wp\/v2\/media\/663"}],"wp:attachment":[{"href":"https:\/\/blog.institutoparmagnetico.com.br\/index.php?rest_route=%2Fwp%2Fv2%2Fmedia&parent=658"}],"wp:term":[{"taxonomy":"category","embeddable":true,"href":"https:\/\/blog.institutoparmagnetico.com.br\/index.php?rest_route=%2Fwp%2Fv2%2Fcategories&post=658"},{"taxonomy":"post_tag","embeddable":true,"href":"https:\/\/blog.institutoparmagnetico.com.br\/index.php?rest_route=%2Fwp%2Fv2%2Ftags&post=658"}],"curies":[{"name":"wp","href":"https:\/\/api.w.org\/{rel}","templated":true}]}}