{"id":687,"date":"2020-08-10T06:10:00","date_gmt":"2020-08-10T09:10:00","guid":{"rendered":"https:\/\/blog.institutoparmagnetico.com.br\/?p=687"},"modified":"2021-08-18T16:42:30","modified_gmt":"2021-08-18T19:42:30","slug":"atencao-proposta-para-regulamentacao-da-psicoterapia-como-pratica-privativa-de-psicologos-com-crp-ativo","status":"publish","type":"post","link":"https:\/\/blog.institutoparmagnetico.com.br\/?p=687","title":{"rendered":"Aten\u00e7\u00e3o! Proposta para Regulamenta\u00e7\u00e3o da &#8220;Psicoterapia&#8221; como pr\u00e1tica privativa de Psic\u00f3logos com CRP ativo."},"content":{"rendered":"\n<p>O <a href=\"https:\/\/institutoparmagnetico.com.br\/\" target=\"_blank\" rel=\"noreferrer noopener\">Instituto Par Magn\u00e9tico &#8211; IPM <\/a>v\u00ea com preocupa\u00e7\u00e3o a manifesta\u00e7\u00e3o dos conselhos profissionais principalmente o conselho da fisioterapia (COFITO) e conselho de psicologia (CRP) que v\u00eam buscando integrar as Terapias Integrativas nas suas compet\u00eancias profissionais.<\/p>\n\n\n\n<p><br>Isso vai tornando dificultoso a regulamenta\u00e7\u00e3o das pr\u00e1ticas integrativas por terapeutas que n\u00e3o tenham estas forma\u00e7\u00f5es profissionais acad\u00eamicas.<\/p>\n\n\n\n<p>Mais uma vez estamos vendo que os cursos de p\u00f3s-gradua\u00e7\u00f5es s\u00e3o urgentes em nosso pa\u00eds, assim como a Forma\u00e7\u00e3o de associa\u00e7\u00e3o que albergue todas as pr\u00e1ticas, j\u00e1 que estamos isolados nas diversas t\u00e9cnicas e pr\u00e1ticas enquanto os conselhos tem organiza\u00e7\u00e3o bem mais ativa, o que garante a eles facilidades na luta da integra\u00e7\u00e3o das PICs em suas compet\u00eancias profissionais.<\/p>\n\n\n\n<p>Visto isso, pedimos que os terapeutas leiam, analisem e caso tenham o mesmo parecer que o IPM, <strong>VOTEM N\u00c3O \u00e0 consulta p\u00fablica abaixo:<\/strong><\/p>\n\n\n\n<p><a href=\"https:\/\/www12.senado.leg.br\/ecidadania\/visualizacaomateria?id=137959\">https:\/\/www12.senado.leg.br\/<\/a><a href=\"https:\/\/bit.ly\/2BVEA42\">ecidadania<\/a><a href=\"https:\/\/www12.senado.leg.br\/ecidadania\/visualizacaomateria?id=137959\">\/visualizacaomateria?id=137959<\/a><\/p>\n\n\n\n<p>Neste projeto est\u00e3o tentando cercear o direito da pr\u00e1tica livre da psicoterapia no Brasil. Isso inclui hipnoterapia, constela\u00e7\u00e3o, barra de access, thetahealing, psican\u00e1lise, parapsicologia, dentre toda e qualquer forma de psicoterapia. Ou seja, seriam essas terapias restritas apenas a psic\u00f3logos com CRP ativo. Apesar de pessoalmente acreditar que esse projeto de restri\u00e7\u00e3o da psicoterapia no Brasil seja praticamente imposs\u00edvel de \u201cvirar\u201d, os votos de proibi\u00e7\u00e3o est\u00e3o ganhando. <strong>Precisamos unir for\u00e7as e votar \u201cN\u00c3O\u201d a essa proibi\u00e7\u00e3o.<\/strong> Basta clicar no link e votar N\u00c3O para a Regulamenta\u00e7\u00e3o da &#8220;Psicoterapia&#8221; como pr\u00e1tica privativa de Psic\u00f3logos com CRP ativo.<\/p>\n\n\n\n<p><br>Al\u00e9m de votar, compartilhe com colegas terapeutas pois esta luta \u00e9 de todos, hoje s\u00e3o estas pr\u00e1ticas, amanh\u00e3 s\u00e3o as nossas pr\u00e1ticas e de nossos colegas.<br>O Brasil \u00e9 o pa\u00eds das terapias alternativas e milhares de pessoas s\u00e3o tratadas todos os dias por bons profissionais. N\u00e3o podemos permitir que percamos esse direito.<\/p>\n\n\n\n<p><br>J\u00e1 a muito tempo o IPM est\u00e1 se preocupando com essa quest\u00e3o e por isso nasceu como escola, filho da <a href=\"https:\/\/www.parmagnetico.com.br\/\" target=\"_blank\" rel=\"noreferrer noopener\">Par Magn\u00e9tico<\/a>, veio para dar abertura a <a href=\"https:\/\/institutoparmagnetico.com.br\/detalhes_curso\/2\/pos-graduacao-biomagnetismo-e-bioenergetica-\">p\u00f3s-gradua\u00e7\u00e3o em Biomagnetismo e Bioenerg\u00e9tica Aplicadas \u00e0 Sa\u00fade.<\/a> O que o MEC certifica n\u00e3o pode ser revogado.<\/p>\n\n\n\n<p>Abra\u00e7os!<br>Coordena\u00e7\u00e3o do IPM<\/p>\n\n\n\n<figure class=\"wp-block-embed is-type-video is-provider-youtube wp-block-embed-youtube wp-embed-aspect-16-9 wp-has-aspect-ratio\"><div class=\"wp-block-embed__wrapper\">\n<iframe loading=\"lazy\" title=\"Preservando a verdadeira ci\u00eancia do Biomagnetismo no Brasil\" width=\"1170\" height=\"658\" src=\"https:\/\/www.youtube.com\/embed\/ndEZ4WT2NOY?start=2&#038;feature=oembed\" frameborder=\"0\" allow=\"accelerometer; autoplay; encrypted-media; gyroscope; picture-in-picture\" allowfullscreen><\/iframe>\n<\/div><\/figure>\n\n\n\n<p>Segue link do documento do projeto de lei DOC-Sugest\u00e3o-20190711<\/p>\n\n\n\n<p><a href=\"https:\/\/drive.google.com\/file\/d\/1LFlV0qA9eellMx3Pbh8kLO1AHAgPt9Jo\/view?usp=sharing\">https:\/\/drive.google.com\/file\/d\/1LFlV0qA9eellMx3Pbh8kLO1AHAgPt9Jo\/view?usp=sharing<\/a><\/p>\n\n\n\n<p><\/p>\n\n\n\n<p>Este blog \u00e9 apenas um blog educativo. As informa\u00e7\u00f5es e servi\u00e7os aqui contidos n\u00e3o devem ser interpretados como um diagn\u00f3stico, tratamento, prescri\u00e7\u00e3o ou cura para a doen\u00e7a. Aqueles que buscam tratamento para uma doen\u00e7a espec\u00edfica devem consultar seu m\u00e9dico para determinar o protocolo de tratamento adequado, correto e aceito antes de usar qualquer coisa que \u00e9 divulgado nesta p\u00e1gina.<\/p>\n","protected":false},"excerpt":{"rendered":"<p>O Instituto Par Magn\u00e9tico &#8211; IPM v\u00ea com preocupa\u00e7\u00e3o a manifesta\u00e7\u00e3o dos conselhos profissionais principalmente o conselho da fisioterapia (COFITO) e conselho de psicologia (CRP) que v\u00eam buscando integrar as&nbsp;[ &hellip; ]<\/p>\n","protected":false},"author":3,"featured_media":688,"comment_status":"open","ping_status":"open","sticky":false,"template":"","format":"standard","meta":{"_exactmetrics_skip_tracking":false,"_exactmetrics_sitenote_active":false,"_exactmetrics_sitenote_note":"","_exactmetrics_sitenote_category":0,"footnotes":""},"categories":[1],"tags":[24,6],"class_list":["post-687","post","type-post","status-publish","format-standard","has-post-thumbnail","hentry","category-biomagnetismo","tag-biomagnetismo","tag-biomagnetismo-medico","col-sm-6"],"_links":{"self":[{"href":"https:\/\/blog.institutoparmagnetico.com.br\/index.php?rest_route=\/wp\/v2\/posts\/687","targetHints":{"allow":["GET"]}}],"collection":[{"href":"https:\/\/blog.institutoparmagnetico.com.br\/index.php?rest_route=\/wp\/v2\/posts"}],"about":[{"href":"https:\/\/blog.institutoparmagnetico.com.br\/index.php?rest_route=\/wp\/v2\/types\/post"}],"author":[{"embeddable":true,"href":"https:\/\/blog.institutoparmagnetico.com.br\/index.php?rest_route=\/wp\/v2\/users\/3"}],"replies":[{"embeddable":true,"href":"https:\/\/blog.institutoparmagnetico.com.br\/index.php?rest_route=%2Fwp%2Fv2%2Fcomments&post=687"}],"version-history":[{"count":2,"href":"https:\/\/blog.institutoparmagnetico.com.br\/index.php?rest_route=\/wp\/v2\/posts\/687\/revisions"}],"predecessor-version":[{"id":767,"href":"https:\/\/blog.institutoparmagnetico.com.br\/index.php?rest_route=\/wp\/v2\/posts\/687\/revisions\/767"}],"wp:featuredmedia":[{"embeddable":true,"href":"https:\/\/blog.institutoparmagnetico.com.br\/index.php?rest_route=\/wp\/v2\/media\/688"}],"wp:attachment":[{"href":"https:\/\/blog.institutoparmagnetico.com.br\/index.php?rest_route=%2Fwp%2Fv2%2Fmedia&parent=687"}],"wp:term":[{"taxonomy":"category","embeddable":true,"href":"https:\/\/blog.institutoparmagnetico.com.br\/index.php?rest_route=%2Fwp%2Fv2%2Fcategories&post=687"},{"taxonomy":"post_tag","embeddable":true,"href":"https:\/\/blog.institutoparmagnetico.com.br\/index.php?rest_route=%2Fwp%2Fv2%2Ftags&post=687"}],"curies":[{"name":"wp","href":"https:\/\/api.w.org\/{rel}","templated":true}]}}