{"id":80,"date":"2018-04-03T08:36:15","date_gmt":"2018-04-03T11:36:15","guid":{"rendered":"http:\/\/blog.parmagnetico.com.br\/?p=80"},"modified":"2021-08-18T17:16:43","modified_gmt":"2021-08-18T20:16:43","slug":"fibromialgia-a-doenca-das-emocoes-nao-expressadas","status":"publish","type":"post","link":"https:\/\/blog.institutoparmagnetico.com.br\/?p=80","title":{"rendered":"FIBROMIALGIA &#8211; A doen\u00e7a das emo\u00e7\u00f5es n\u00e3o expressadas"},"content":{"rendered":"<p style=\"text-align: center;\"><strong>Fibromialgia &#8211; Outro ponto de vista &#8211;<\/strong><br \/>\n<strong> A doen\u00e7a das emo\u00e7\u00f5es n\u00e3o expressadas<\/strong><\/p>\n<p>Novos rumos e outra abordagem\u00a0 no concernente a fibromialgia. Doen\u00e7a que atinge muitas pessoas na atualidade.<br \/>\nNossos estados emocionais podem favorecer todos os tipos de doen\u00e7as: hipertens\u00e3o, disfun\u00e7\u00e3o card\u00edaca ou dist\u00farbios nervosos de diferentes tipos. Os estados emocionais podem n\u00e3o s\u00f3 transformar nossa sa\u00fade f\u00edsica,\u00a0 mas tamb\u00e9m estimular que a pessoa busque\u00a0 a cura em um n\u00edvel mais profundo, j\u00e1 que estas doen\u00e7as emocionais causam transtornos org\u00e2nicos que muitas vezes n\u00e3o aparecem nos exames m\u00e9dicos. O segredo est\u00e1 em descobrir e compreender as mensagens que cont\u00eam desordens f\u00edsicas para conhecer e viver melhor.<\/p>\n<p><strong>&#8220;Para entender essa conex\u00e3o, devemos primeiro reconhecer que a mente e o corpo s\u00e3o um todo&#8221;<\/strong>. Normalmente, consideramos o corpo como um &#8220;recipiente&#8221; que nos acompanha, que devemos cuidar e que, quando danificado, deve-se levar ao m\u00e9dico e repar\u00e1-lo. &#8220;Infelizmente esta vis\u00e3o \u00e9 muito limitada. Ele nega a complexidade das energias que configuram todo o nosso ser, energias que fluem e se intercomunicam. N\u00e3o h\u00e1 separa\u00e7\u00e3o entre o que acontece na mente (pensamentos e sentimentos) e o que acontece no corpo &#8220;.<br \/>\nUma coisa a notar sobre a fibromialgia \u00e9 porque seus sintomas s\u00e3o mal compreendidos, portadores da doen\u00e7as sentem que os outros n\u00e3o acreditam neles, porque a dor n\u00e3o \u00e9. Fibromialgia \u00e9 considerada um diagn\u00f3stico controverso, e alguns autores afirmam que n\u00e3o deve ser considerada como uma doen\u00e7a porque, entre outras raz\u00f5es, a falta de anormalidades no exame f\u00edsico, exames laboratoriais ou objetivos estudos de imagiologia m\u00e9dica para confirmar o diagn\u00f3stico.<\/p>\n<p style=\"text-align: center;\"><strong>O QUE \u00c9?\u00a0<\/strong><br \/>\nOficialmente chamada fibromialgia um grupo de sintomas e perturba\u00e7\u00f5es m\u00fasculo-esquel\u00e9ticas mal compreendidos, a qual \u00e9 caracterizada principalmente por fadiga extrema, dor persistente, rigidez intensidade vari\u00e1vel dos m\u00fasculos, tend\u00f5es e uma grande variedade de outros sintomas psicol\u00f3gicos tais como a dificuldade em dormir, rigidez matinal, dores de cabe\u00e7a e problemas com o pensamento e a mem\u00f3ria, \u00e0s vezes chamados de &#8220;lacunas mentais&#8221; que muitas vezes impedem o funcionamento rotineiro das pessoas. \u00c9 um dist\u00farbio &#8220;n\u00e3o contagioso&#8221; presente em aproximadamente 3 a 6 por cento das mulheres jovens, geralmente entre 20 e 50 anos de idade.<\/p>\n<p><strong>&#8211; Atualmente alguns pesquisadores consideram\u00a0 que exatamente a fibromialgia \u00e9 uma doen\u00e7a das emo\u00e7\u00f5es n\u00e3o expressadas<\/strong>. \u00c9 o resultado de um conflito interno gerado por n\u00f3s mesmos. O \u00f3rg\u00e3o mais afetado \u00e9 o f\u00edgado, dep\u00f3sito das emo\u00e7\u00f5es contidas de acordo com a Medicina Tradicional Chinesa. Ele regula as f\u00e1scias, musculatura, tend\u00f5es, ligamentos, articula\u00e7\u00f5es, veias e art\u00e9rias e vis\u00e3o. Este corpo tamb\u00e9m \u00e9 respons\u00e1vel pela desintoxica\u00e7\u00e3o de todas as toxinas que nos deixam doentes, tanto externas como internas.<\/p>\n<p>-A fibromialgia tem uma vasta gama de sintomas, e o principal generalizada musculoesquel\u00e9tica dor, rigidez e fadiga, que \u00e9 acompanhado por uma diminui\u00e7\u00e3o da concentra\u00e7\u00e3o e mem\u00f3ria, ins\u00f4nia, irritabilidade intestinal, bexiga irrit\u00e1vel, dores de cabe\u00e7a, ansiedade, s\u00edndrome das pernas inquietas, dor tor\u00e1cica, menstrua\u00e7\u00f5es fortes e dolorosas, diminui\u00e7\u00e3o da vis\u00e3o, c\u00e2imbras, etc.<\/p>\n<p><strong>Para ter sa\u00fade e harmonia, devemos alinhar pensamento, sentimento (emo\u00e7\u00f5es) e a\u00e7\u00e3o (a\u00e7\u00e3o \/ palavra). Na fibromialgia h\u00e1 uma m\u00e1 administra\u00e7\u00e3o de pensamentos e emo\u00e7\u00f5es, porque sua energia n\u00e3o \u00e9 liberada na a\u00e7\u00e3o ou atrav\u00e9s da palavra. A a\u00e7\u00e3o \u00e9 reprimida e a energia do pensamento e da emo\u00e7\u00e3o \u00e9 bloqueada sob a forma de tens\u00e3o, que se manifesta atrav\u00e9s da dor e de uma grande variedade de sintomas.<\/strong><\/p>\n<p>-Afeta mais as mulheres pois s\u00e3o mais emocionais e mais pr\u00e1ticas. Os bloqueios s\u00e3o mais emocionais, enquanto o homem \u00e9 mais mental e te\u00f3rico. Por outro lado, o fator que torna essa doen\u00e7a poss\u00edvel \u00e9 a repress\u00e3o. N\u00e3o h\u00e1 d\u00favida de que, em nossa sociedade, desde a inf\u00e2ncia, as mulheres est\u00e3o mais sujeitas \u00e0 mais repress\u00e3o do que os homens.<\/p>\n<p><strong>&#8211; A origem da fibromialgia\u00a0 \u00e9 encontrada em padr\u00f5es culturais, familiares e sociais r\u00edgidos que produzem repress\u00e3o na inf\u00e2ncia.<\/strong> A crian\u00e7a copia esses padr\u00f5es para se sentir amada e se torna obediente e submissa sem ser, e come\u00e7a a desenvolver uma personalidade falsa, afastando-se de sua ess\u00eancia. Defeitos psico-emocionais que acompanham os doentes s\u00e3o o orgulho perfeccionista se sentir valorizado para o ambiente e a raiva reprimida, uma emo\u00e7\u00e3o que, se n\u00e3o lan\u00e7ado, \u00e9 devastador a sa\u00fade.<\/p>\n<p style=\"text-align: center;\"><strong>A CURA<\/strong><\/p>\n<p style=\"text-align: center;\">-A cura pode estar em recuperar a sa\u00fade se esta for a nossa vontade, temos as informa\u00e7\u00f5es necess\u00e1rias e estamos dispostos a fazer mudan\u00e7as a partir da globalidade do ser humano. Precisamos de uma grande transforma\u00e7\u00e3o do modo de pensar, sentir e agir, que gera uma nova pessoa saud\u00e1vel, livre e feliz.<\/p>\n<p>O <strong>Desbloqueio Emocional Magn\u00e9tico<\/strong> e a estimula\u00e7\u00e3o transcraniana natural <strong>(NPN &#8211; novas percep\u00e7\u00f5es neuronais<\/strong>), s\u00e3o terapias <strong>n\u00e3o<\/strong> invasivas que podem servir de ferramentas para uma mudan\u00e7a de atitude que leva a deixar de se sentir v\u00edtimas e passa-se a deixar de ser passivos para sermos ativos, passando a auto-gerenciar a doen\u00e7a como protagonistas atrav\u00e9s do <strong>empoderamento<\/strong> perante a vida.<\/p>\n<p>Porque esperar ser curados, \u00e9 necess\u00e1rio curar-se, ter algo de inconformidade e rebeli\u00e3o para tomar nossas pr\u00f3prias decis\u00f5es e direcionar nossas vidas. N\u00f3s tamb\u00e9m precisamos de uma mudan\u00e7a de estilo de vida, simplificando-o e deixando o estresse de lado. Da mesma forma, \u00e9 necess\u00e1rio substituir os padr\u00f5es estabelecidos por nossa experi\u00eancia vivenciada e compreendida, o que nos ajudar\u00e1 a <strong>dizer &#8220;n\u00e3o&#8221;<\/strong> sem se sentir culpado. \u00c9 essencial mudar h\u00e1bitos que nos prejudicam, especialmente o da comida, uma dieta que purifica o f\u00edgado de toxinas, inclusive as de medicamentos, que nos fornecem energia, alcalinidade, que estimula o sistema imunol\u00f3gico, e isso \u00e9 anti-inflamat\u00f3rio e antioxidante, aqui entra outra ferramenta de grande magnitude o<strong> Biomagnetismo.<\/strong><\/p>\n<p>&#8211; Fibromialgia n\u00e3o \u00e9 uma doen\u00e7a moderna, as doen\u00e7as nascem devido aos defeitos psicoemocionais da humanidade, mas aumentam e s\u00e3o agravadas pelo estilo de vida e m\u00e1 alimenta\u00e7\u00e3o. Atualmente esta doen\u00e7a se expandiu devido \u00e0 auto-imposta que a mulher se auto-imp\u00f4s para atingir todas as \u00e1reas que a vida moderna mostrar como a profiss\u00e3o de trabalho, fam\u00edlia, lar, rela\u00e7\u00f5es sociais, etc. Tudo isso, muitas vezes, sem a possibilidade de direcionar sua vida.<\/p>\n<p>Biomagnetismo Medicinal \u00e9 uma terapia complementar, n\u00e3o substitui tratamento m\u00e9dico\/medicamentoso. Este blog \u00e9 apenas um blog educativo. As informa\u00e7\u00f5es e servi\u00e7os aqui contidos n\u00e3o devem ser interpretados como um diagn\u00f3stico, tratamento, prescri\u00e7\u00e3o ou cura para a doen\u00e7a. Aqueles que buscam tratamento para uma doen\u00e7a espec\u00edfica devem consultar seu m\u00e9dico para determinar o protocolo de tratamento adequado, correto e aceito antes de usar qualquer coisa que \u00e9 divulgado nesta p\u00e1gina.<\/p>\n<p>Fonte:<br \/>\n<a href=\"http:\/\/www.formarse.com.ar\/libros\/libros_gratis\/inspiradores\/EL%20CODIGO%20DE%20LAS%20EMOCIONES-%20COMO%20LIBERAR%20TUS%20EMOCIONES%20ATRAPADAS.pdf\" target=\"_blank\" rel=\"noopener noreferrer\" data-saferedirecturl=\"https:\/\/www.google.com\/url?q=http:\/\/www.formarse.com.ar\/libros\/libros_gratis\/inspiradores\/EL%2520CODIGO%2520DE%2520LAS%2520EMOCIONES-%2520COMO%2520LIBERAR%2520TUS%2520EMOCIONES%2520ATRAPADAS.pdf&amp;source=gmail&amp;ust=1522808233797000&amp;usg=AFQjCNFbU2eesfJxyxWoeDvxaTcQIGvkZA\">http:\/\/www.formarse.com.ar\/lib<wbr \/>ros\/libros_gratis\/inspiradores<wbr \/>\/EL%20CODIGO%20DE%20LAS%<wbr \/>20EMOCIONES-%20COMO%20LIBERAR%<wbr \/>20TUS%20EMOCIONES%20ATRAPADAS.<wbr \/>pdf<\/a><\/p>\n<p><a href=\"http:\/\/paradigmaterrestre.com\/fibromialgia-la-enfermedad-las-emociones-no-expresadas\/\" target=\"_blank\" rel=\"noopener noreferrer\" data-saferedirecturl=\"https:\/\/www.google.com\/url?q=http:\/\/paradigmaterrestre.com\/fibromialgia-la-enfermedad-las-emociones-no-expresadas\/&amp;source=gmail&amp;ust=1522808233797000&amp;usg=AFQjCNHXIZcvsa4h8jXH7ho6ykGDQAYE1Q\">http:\/\/paradigmaterrestre.com\/<wbr \/>fibromialgia-la-enfermedad-las<wbr \/>-emociones-no-expresadas\/<\/a><\/p>\n","protected":false},"excerpt":{"rendered":"<p>Fibromialgia &#8211; Outro ponto de vista &#8211; A doen\u00e7a das emo\u00e7\u00f5es n\u00e3o expressadas Novos rumos e outra abordagem\u00a0 no concernente a fibromialgia. Doen\u00e7a que atinge muitas pessoas na atualidade. Nossos&nbsp;[ &hellip; ]<\/p>\n","protected":false},"author":3,"featured_media":81,"comment_status":"open","ping_status":"open","sticky":false,"template":"","format":"standard","meta":{"_exactmetrics_skip_tracking":false,"_exactmetrics_sitenote_active":false,"_exactmetrics_sitenote_note":"","_exactmetrics_sitenote_category":0,"footnotes":""},"categories":[20],"tags":[],"class_list":["post-80","post","type-post","status-publish","format-standard","has-post-thumbnail","hentry","category-desbloqueio-emocional","col-sm-6"],"_links":{"self":[{"href":"https:\/\/blog.institutoparmagnetico.com.br\/index.php?rest_route=\/wp\/v2\/posts\/80","targetHints":{"allow":["GET"]}}],"collection":[{"href":"https:\/\/blog.institutoparmagnetico.com.br\/index.php?rest_route=\/wp\/v2\/posts"}],"about":[{"href":"https:\/\/blog.institutoparmagnetico.com.br\/index.php?rest_route=\/wp\/v2\/types\/post"}],"author":[{"embeddable":true,"href":"https:\/\/blog.institutoparmagnetico.com.br\/index.php?rest_route=\/wp\/v2\/users\/3"}],"replies":[{"embeddable":true,"href":"https:\/\/blog.institutoparmagnetico.com.br\/index.php?rest_route=%2Fwp%2Fv2%2Fcomments&post=80"}],"version-history":[{"count":5,"href":"https:\/\/blog.institutoparmagnetico.com.br\/index.php?rest_route=\/wp\/v2\/posts\/80\/revisions"}],"predecessor-version":[{"id":807,"href":"https:\/\/blog.institutoparmagnetico.com.br\/index.php?rest_route=\/wp\/v2\/posts\/80\/revisions\/807"}],"wp:featuredmedia":[{"embeddable":true,"href":"https:\/\/blog.institutoparmagnetico.com.br\/index.php?rest_route=\/wp\/v2\/media\/81"}],"wp:attachment":[{"href":"https:\/\/blog.institutoparmagnetico.com.br\/index.php?rest_route=%2Fwp%2Fv2%2Fmedia&parent=80"}],"wp:term":[{"taxonomy":"category","embeddable":true,"href":"https:\/\/blog.institutoparmagnetico.com.br\/index.php?rest_route=%2Fwp%2Fv2%2Fcategories&post=80"},{"taxonomy":"post_tag","embeddable":true,"href":"https:\/\/blog.institutoparmagnetico.com.br\/index.php?rest_route=%2Fwp%2Fv2%2Ftags&post=80"}],"curies":[{"name":"wp","href":"https:\/\/api.w.org\/{rel}","templated":true}]}}