{"id":822,"date":"2021-10-18T20:34:47","date_gmt":"2021-10-18T22:34:47","guid":{"rendered":"https:\/\/blog.institutoparmagnetico.com.br\/?p=822"},"modified":"2021-10-18T20:34:49","modified_gmt":"2021-10-18T22:34:49","slug":"a-importancia-de-mantermos-uma-unidade-entre-corpo-mente-espirito","status":"publish","type":"post","link":"https:\/\/blog.institutoparmagnetico.com.br\/?p=822","title":{"rendered":"A import\u00e2ncia de mantermos uma Unidade entre corpo &#8211; mente &#8211; esp\u00edrito"},"content":{"rendered":"\n<p><\/p>\n\n\n\n<p>Equil\u00edbrio no processo da Cura. Entendendo que a cura \u00e9 uma busca de cada Ser e que as terapias Magn\u00e9ticas s\u00e3o um dos caminhos essenciais na medicina tradicional pois vem desde remota data onde o indiv\u00edduo era um ser integral. A cita\u00e7\u00e3o abaixo \u00e9 do livro Par Biomagn\u00e9tico, Biomagnetismo m\u00e9dico y Bioenerg\u00e9tica, experiencias de curaci\u00f3n, a\u00f1o 2005 \u201c&#8230; O Dr. Louis L. Hay (1991) declara: \u201cEm qualquer processo de cura para obter sa\u00fade e preservar a integridade, precisamos equilibrar corpo, mente e esp\u00edrito. \u00c9 necess\u00e1rio que nossos corpos sejam bem cuidados e que mantenham uma harmonia entre si.<\/p>\n\n\n\n<p>Atitude mental positiva em rela\u00e7\u00e3o a n\u00f3s mesmos e \u00e0 vida. O que pensamos e as palavras que usamos repetidamente moldaram nossa vida e experi\u00eancia at\u00e9 agora. Para cada efeito resultante em nossas vidas, existe um padr\u00e3o de pensamento que o precede e sustenta. Nossos padr\u00f5es consistentes de pensamento s\u00e3o o que cria nossas experi\u00eancias. Portanto, se modificarmos nossos padr\u00f5es de pensamento, podemos transformar nossas experi\u00eancias.<\/p>\n\n\n\n<p>\u00c9 preciso aprendermos a sintoniz\u00e1-los. \u00c9 por isso que existe um ciclo de feedback natural entre corpo e mente; \u00e9 claro que nada pode ser considerado separadamente, embora tenhamos sido treinados para pensar em ambos como entidades separadas. Mente e corpo reagem simpaticamente relacionados. Especificamente, a no\u00e7\u00e3o de duas entidades separadas &#8211; mente e corpo &#8211; \u00e9 artificial, inventada.<\/p>\n\n\n\n<p>Um dos exemplos mais simples do cotidiano desse relacionamento \u00e9 quando pensamos que vemos algo que temos medo e reagimos com uma onda de adrenalina, preparados para lutar ou fugir, e descobrimos mais tarde que percebemos mal o que pensamos. N\u00f3s estamos reagindo. Na verdade, n\u00e3o h\u00e1 perigo.<\/p>\n\n\n\n<p><strong>Pensamentos se traduzem em sentimentos, que se tornam sintomas na velocidade da luz.<\/strong> <\/p>\n\n\n\n<p>Todos conhecemos o efeito placebo: quando recebemos uma subst\u00e2ncia sem valor medicinal e nos dizem que ela tem propriedades curativas. Ao acreditar em propriedades curativas, melhoramos. O que pensamos nunca \u00e9 separado do que sentimos ou de como o corpo responde. Um exemplo adicional dessa conex\u00e3o \u00e9 encontrado na crescente literatura sobre como as emo\u00e7\u00f5es de expectativa, esperan\u00e7a e confian\u00e7a afetam o resultado da doen\u00e7a e das doen\u00e7as. Sabemos, por exemplo, que as emo\u00e7\u00f5es, que respondem instantaneamente aos pensamentos, est\u00e3o em constante comunica\u00e7\u00e3o com o sistema imunol\u00f3gico.<\/p>\n\n\n\n<p>A intelig\u00eancia do corpo-mente compreende tr\u00eas m\u00e9todos diferentes de resposta: instinto, emo\u00e7\u00e3o e intui\u00e7\u00e3o, mediados por tr\u00eas n\u00edveis de desenvolvimento da bioqu\u00edmica cerebral.<\/p>\n\n\n\n<p>O primeiro e o mais precoce dos n\u00edveis \u00e9 o tronco cerebral, que est\u00e1 conectado \u00e0 medula espinhal e recebe todos os est\u00edmulos que voc\u00ea entra atrav\u00e9s do contato com o ambiente. Essa \u00e9 a parte do corpo-mente que medeia a sobreviv\u00eancia. As respostas neste caso s\u00e3o instintivas, n\u00e3o mediadas por decis\u00f5es cognitivas. Instintivamente, qualquer pessoa retira a m\u00e3o do calor excessivo ou retira-se de um cheiro prejudicial. Ningu\u00e9m orquestra os instintos. Isso ocorre apenas. Todo sistema nervoso aut\u00f4nomo \u00e9 influenciado por essa parte do c\u00e9rebro. Respira\u00e7\u00e3o, batimentos card\u00edacos, degluti\u00e7\u00e3o, ritmos corporais b\u00e1sicos s\u00e3o ativados nesse n\u00edvel. Sem nenhuma inten\u00e7\u00e3o consciente de sua parte, o tronco cerebral recebe, seleciona e transmite para o sistema l\u00edmbico, o c\u00e9rebro m\u00e9dio e o c\u00f3rtex cerebral, mais de um milh\u00e3o de impulsos informacionais ambientais por segundo.<\/p>\n\n\n\n<p>Isso come\u00e7a muito antes do nascimento e, ao nascer, o tronco cerebral come\u00e7a a formar modelos de informa\u00e7\u00f5es sensoriais baseadas em prefer\u00eancias que eventualmente influenciar\u00e3o as respostas r\u00edtmicas instintivas do corpo a brincadeiras, rituais, engajamentos e atra\u00e7\u00e3o por grupos sociais. Um ser humano pode sobreviver na medida em que seu tronco cerebral est\u00e1 intacto, mesmo que suas fun\u00e7\u00f5es emocionais e cognitivas sejam seriamente danificadas.<\/p>\n\n\n\n<p>\u00c0 medida que crescemos e amadurecemos na compreens\u00e3o da complexidade do corpo-mente, podemos come\u00e7ar a reconhecer a diferen\u00e7a entre uma resposta instintiva autom\u00e1tica e uma que \u00e9 mediada pelo seguinte n\u00edvel bioqu\u00edmico: emo\u00e7\u00e3o. Geralmente, acredita-se que as emo\u00e7\u00f5es s\u00e3o controladas pelo sistema l\u00edmbico, que costuma ser chamado de &#8220;c\u00e9rebro emocional&#8221;. Localizado no tronco cerebral, compreende 6 estruturas: t\u00e1lamo, regi\u00e3o sert\u00e3o, bulbos olfativos, am\u00edgdalas, n\u00facleos hipotal\u00e2micos e hipocampo, que respondem a est\u00edmulos e se expressam com emo\u00e7\u00f5es. As emo\u00e7\u00f5es qu\u00edmicas do c\u00e9rebro l\u00edmbico afetam todo o corpo-mente, enviando cascatas de neuropept\u00eddeos ao corpo f\u00edsico.<\/p>\n\n\n\n<p>Esses mensageiros qu\u00edmicos s\u00e3o capazes de ativar o sistema imunol\u00f3gico para promover a cura quando as c\u00e9lulas s\u00e3o inundadas com horm\u00f4nios e outros neuropept\u00eddeos. Sentimentos, e ainda mais importante, o que se acredita sobre esses sentimentos, influencia fortemente a sa\u00fade do corpo-mente. Se podemos conceituar a fun\u00e7\u00e3o prim\u00e1ria do tronco cerebral como um esfor\u00e7o para sobreviver, podemos conceituar a fun\u00e7\u00e3o do sistema l\u00edmbico como um desejo de ter sucesso.<\/p>\n\n\n\n<p>O corpo-mente \u00e9 quimicamente movido, emocionalmente abalado pelas respostas do sistema l\u00edmbico.<\/p>\n\n\n\n<p>A intui\u00e7\u00e3o \u00e9 a ponte que conecta o instinto e todas as suas respostas de sobreviv\u00eancia com nossas emo\u00e7\u00f5es e suas instru\u00e7\u00f5es elegantes sobre como ter sucesso. A intui\u00e7\u00e3o pertence a uma ordem superior de resposta encarnada do que instinto ou emo\u00e7\u00e3o. A intui\u00e7\u00e3o combina o melhor de cada um dos outros dois e expressa o instinto que \u00e9 muito elementar para examinar e a emo\u00e7\u00e3o muito pouco focada para descrever. <\/p>\n\n\n\n<p>As intui\u00e7\u00f5es parecem surgir do fermento f\u00e9rtil de uma intera\u00e7\u00e3o n\u00e3o-verbal descentralizada entre os sentidos e a experi\u00eancia. \u00c9 como se, num flash de comunica\u00e7\u00e3o, o que sentimos e o que sabemos se juntasse, criando uma vis\u00e3o interna, uma revela\u00e7\u00e3o que vai al\u00e9m da consci\u00eancia imediata. Segundo Paula Reeves, a intui\u00e7\u00e3o precede o instinto, o conhecimento &#8220;desencadeia&#8221; nossa resposta visceral, e n\u00e3o o contr\u00e1rio.<\/p>\n\n\n\n<p>Conforme aprendemos quando prestamos aten\u00e7\u00e3o \u00e0 intui\u00e7\u00e3o, o terceiro n\u00edvel do c\u00e9rebro, o c\u00f3rtex cerebral entra em cena. Aqui, imagina\u00e7\u00e3o (c\u00e9rebro direito) e l\u00f3gica (c\u00e9rebro esquerdo) se juntam para fazer uso criativo e extrair significado de nossas informa\u00e7\u00f5es intuitivas. Sabedoria do corpo &#8211; intui\u00e7\u00e3o Em 1988, Holgar Kalweit escreveu: \u201cSomente os seres humanos chegaram a um ponto em que n\u00e3o sabem mais por que existem. Eles n\u00e3o usam o c\u00e9rebro e esqueceram o conhecimento secreto do corpo, dos sentidos e dos sonhos.<\/p>\n\n\n\n<p>A sabedoria intuitiva repousa dentro de n\u00f3s e se expressa tanto pelo corpo quanto pela mente. A \u00faltima linguagem deixada para o corpo ignorado \u00e9 o sintoma f\u00edsico, e o ato final de desafio pode ser o v\u00edcio. Surdos ao convite para evocar a consci\u00eancia encarnada, provavelmente procedemos mecanicamente, ignorando nossas imagens, &#8220;curando&#8221; os sintomas quando descartamos nossas mensagens intuitivas. <\/p>\n\n\n\n<p>Ao ouvir a sabedoria do corpo, descobrimos que todos os tipos de cura, pessoais e ancestrais, est\u00e3o ao alcance da intui\u00e7\u00e3o. Agora, diante do florescente renascimento da explora\u00e7\u00e3o corpo-mente, \u00e9 hora de acordar novamente e recuperar a conex\u00e3o antiga da humanidade com os principais presentes inatos que essa heran\u00e7a implica. A sabedoria do corpo est\u00e1 pronta e esperando dentro de nossa mem\u00f3ria celular.<\/p>\n\n\n\n<p>Podemos aprender a explorar e professar a sabedoria do nosso corpo sem desculpas, mas com um compromisso concentrado, porque mais uma vez nos tornamos administradores da consci\u00eancia. Mensagens corporais Sabe-se que mais de 80% das doen\u00e7as tratadas em salas de emerg\u00eancia est\u00e3o ligadas ao estresse. A tens\u00e3o n\u00e3o se desenvolve da noite para o dia, a menos que seja causada por trauma repentino e inesperado. A tens\u00e3o \u00e9 uma consequ\u00eancia de um ac\u00famulo de respostas da emo\u00e7\u00e3o-corpo-mente que tentam chamar a aten\u00e7\u00e3o para o estado em que estamos&#8230;.\u201d<\/p>\n\n\n\n<p>Reflex\u00f5es important\u00edssimas a respeito deste assunto grandioso e que nos afeta tanto, terapeutas e pacientes, muita aten\u00e7\u00e3o.<\/p>\n\n\n\n<p>Refer\u00eancias:<\/p>\n\n\n\n<p>Dur\u00e1n, Issac Goiz; Castel\u00e1n, Guillermo Mendonza; Castel\u00e1n, Pedro Mendonza. PAR BIOMAGN\u00c9TICO, BIOMAGNETISMO M\u00c9DICO Y BIOENERG\u00c9TICA, EXPERIENCIAS DE CURACI\u00d3N, tomo l e ll, 2005<\/p>\n","protected":false},"excerpt":{"rendered":"<p>Equil\u00edbrio no processo da Cura. Entendendo que a cura \u00e9 uma busca de cada Ser e que as terapias Magn\u00e9ticas s\u00e3o um dos caminhos essenciais na medicina tradicional pois vem&nbsp;[ &hellip; ]<\/p>\n","protected":false},"author":3,"featured_media":824,"comment_status":"open","ping_status":"open","sticky":false,"template":"","format":"standard","meta":{"_exactmetrics_skip_tracking":false,"_exactmetrics_sitenote_active":false,"_exactmetrics_sitenote_note":"","_exactmetrics_sitenote_category":0,"footnotes":""},"categories":[1],"tags":[],"class_list":["post-822","post","type-post","status-publish","format-standard","has-post-thumbnail","hentry","category-biomagnetismo","col-sm-6"],"_links":{"self":[{"href":"https:\/\/blog.institutoparmagnetico.com.br\/index.php?rest_route=\/wp\/v2\/posts\/822","targetHints":{"allow":["GET"]}}],"collection":[{"href":"https:\/\/blog.institutoparmagnetico.com.br\/index.php?rest_route=\/wp\/v2\/posts"}],"about":[{"href":"https:\/\/blog.institutoparmagnetico.com.br\/index.php?rest_route=\/wp\/v2\/types\/post"}],"author":[{"embeddable":true,"href":"https:\/\/blog.institutoparmagnetico.com.br\/index.php?rest_route=\/wp\/v2\/users\/3"}],"replies":[{"embeddable":true,"href":"https:\/\/blog.institutoparmagnetico.com.br\/index.php?rest_route=%2Fwp%2Fv2%2Fcomments&post=822"}],"version-history":[{"count":1,"href":"https:\/\/blog.institutoparmagnetico.com.br\/index.php?rest_route=\/wp\/v2\/posts\/822\/revisions"}],"predecessor-version":[{"id":825,"href":"https:\/\/blog.institutoparmagnetico.com.br\/index.php?rest_route=\/wp\/v2\/posts\/822\/revisions\/825"}],"wp:featuredmedia":[{"embeddable":true,"href":"https:\/\/blog.institutoparmagnetico.com.br\/index.php?rest_route=\/wp\/v2\/media\/824"}],"wp:attachment":[{"href":"https:\/\/blog.institutoparmagnetico.com.br\/index.php?rest_route=%2Fwp%2Fv2%2Fmedia&parent=822"}],"wp:term":[{"taxonomy":"category","embeddable":true,"href":"https:\/\/blog.institutoparmagnetico.com.br\/index.php?rest_route=%2Fwp%2Fv2%2Fcategories&post=822"},{"taxonomy":"post_tag","embeddable":true,"href":"https:\/\/blog.institutoparmagnetico.com.br\/index.php?rest_route=%2Fwp%2Fv2%2Ftags&post=822"}],"curies":[{"name":"wp","href":"https:\/\/api.w.org\/{rel}","templated":true}]}}