{"id":867,"date":"2022-08-30T18:51:14","date_gmt":"2022-08-30T21:51:14","guid":{"rendered":"https:\/\/blog.institutoparmagnetico.com.br\/?p=867"},"modified":"2022-08-30T18:52:14","modified_gmt":"2022-08-30T21:52:14","slug":"direitos-e-deveres-dos-terapeutas","status":"publish","type":"post","link":"https:\/\/blog.institutoparmagnetico.com.br\/?p=867","title":{"rendered":"Direitos e deveres dos Terapeutas"},"content":{"rendered":"<p>Neste artigo intitulado: \u201cTEORIA QU\u00c2NTICA E TERAPIA VIBRACIONAL, UMA NOVA VIS\u00c3O A SER INSERIDA NAS PR\u00c1TICAS INTEGRATIVAS E COMPLEMENTARES: UMA REVIS\u00c3O DA LITERATURA (Revista Sa\u00fade Qu\u00e2ntica \/ vol.5 \u2013n\u00ba5\/ Jan\u2013Dez 2016), os autores Jessyca Marina Carneiro Gomes dos Santos e Pablo Queiroz Lopes, fazem uma revis\u00e3o das pr\u00e1ticas integrativas e complementares, engrandecendo ou empoderando os terapeutas que se sentem fora da atua\u00e7\u00e3o como profissionais da \u00e1rea da sa\u00fade e que tratam pacientes, bem como vem abordar as responsabilidades dos terapeutas frente a sua atua\u00e7\u00e3o dentro do sistema complexo da \u00e1rea da sa\u00fade.<\/p>\n<p>Consolidando o uso dessas pr\u00e1ticas integrativas e complementares, existe na Classifica\u00e7\u00e3o Brasileira de Ocupa\u00e7\u00f5es do Minist\u00e9rio do Trabalho e Emprego revisada em 2002 sob o no 3221-25, o Terapeuta Hol\u00edstico (sinon\u00edmia: homeopata, naturopata, terapeuta alternativo e terapeuta naturalista) cuja descri\u00e7\u00e3o \u00e9 a seguinte:<\/p>\n<p>\u201cAplicam procedimentos est\u00e9ticos e terap\u00eauticos manipulativos, energ\u00e9ticos, vibracionais e n\u00e3o farmac\u00eauticos. Os procedimentos terap\u00eauticos visam a tratamentos de mol\u00e9stias psico-neuro-funcionais, musculoesquel\u00e9ticas e energ\u00e9ticas; al\u00e9m de patologias e deformidades podais. Avaliam as disfun\u00e7\u00f5es fisiol\u00f3gicas, sist\u00eamicas, energ\u00e9ticas, vibracionais e inest\u00e9ticas dos pacientes\/clientes. Recomendam a seus pacientes\/clientes a pr\u00e1tica de exerc\u00edcios, o uso de ess\u00eancias florais e fitoter\u00e1picos com o objetivo de diminuir dores reconduzir ao equil\u00edbrio energ\u00e9tico, fisiol\u00f3gico e psico-org\u00e2nico, bem como cosm\u00e9ticos, cosmec\u00eauticos e \u00f3leos essenciais visando sua sa\u00fade e bem-estar. Alguns profissionais fazem uso de instrumental p\u00e9rfuro-cortante, medicamentos de uso t\u00f3pico e \u00f3rteses; outros aplicam m\u00e9todos das medicinas oriental e convencional\u201d (MTE, 2002).<\/p>\n<p>O despertar para o uso da energia como tratamento nas \u00faltimas d\u00e9cadas, consolidando as explica\u00e7\u00f5es das teorias qu\u00e2nticas aplicadas \u00e0 sa\u00fade, recebeu especial aten\u00e7\u00e3o do m\u00e9dico norte-americano Richard Gerber, que descreveu de forma muito acad\u00eamica, explicativa e completa as diversas terapias que ele define como \u201cmedicina vibracional\u201d. No seu livro, Gerber (2000), constam as terapias como homeopatia, acupuntura, ess\u00eancias vibracionais florais, cromoterapia, magnetoterapia, cristais radi\u00f4nicos e a cura pela imposi\u00e7\u00e3o das m\u00e3os, todas dissecadas para o conhecimento dos leitores. Esse autor define a \u201cmedicina vibracional\u201d como sendo uma pr\u00e1tica de cura por meio das v\u00e1rias formas de terapias de energia, tendo por base as modernas descobertas cient\u00edficas que provam a natureza energ\u00e9tica dos \u00e1tomos e mol\u00e9culas constituintes do nosso corpo, e combina essas descobertas mais recentes com as observa\u00e7\u00f5es m\u00edsticas muito antigas sobre os singulares sistemas de energia vital do corpo, cujos aspectos s\u00e3o pouco estudados e pouco compreendidos da fun\u00e7\u00e3o humana.<\/p>\n<p>Essas terapias constam das listas de pr\u00e1ticas integrativas e complementares descritas na Portaria 971 de 2006 do Minist\u00e9rio da Sa\u00fade, e como s\u00e3o vibracionais, s\u00e3o elencadas como pr\u00e1ticas integrativas de sa\u00fade qu\u00e2ntica. Desde que Max Planck quantizou a energia dentro do \u00e1tomo, o termo qu\u00e2ntico ou qu\u00e2ntica identifica a rela\u00e7\u00e3o com a energia, como a mat\u00e9ria e a energia s\u00e3o duas faces da mesma moeda (GOSWAMI, 2011).<\/p>\n<p>Chega-se \u00e0 conclus\u00e3o que as doen\u00e7as deveriam ser destru\u00eddas no campo das vibra\u00e7\u00f5es similares \u00e0quelas que tinham em \u00f3rg\u00e3os quando estavam sadios, com a mesma frequ\u00eancia, mas em maior intensidade, com isso foi percebido que poderia levar o tecido doente \u00e0 sa\u00fade (MERCONDES, 2014). Segundo Marcondes, DOEN\u00c7AS S\u00c3O INFORMA\u00c7\u00d5ES!<\/p>\n<p>&nbsp;<\/p>\n<p>Leia o artigo completo:<\/p>\n<p>https:\/\/www.revistasuninter.com\/revistasaude\/index.php\/revista-praticas-interativas\/article\/download\/620\/340<\/p>\n","protected":false},"excerpt":{"rendered":"<p>Neste artigo intitulado: \u201cTEORIA QU\u00c2NTICA E TERAPIA VIBRACIONAL, UMA NOVA VIS\u00c3O A SER INSERIDA NAS PR\u00c1TICAS INTEGRATIVAS E COMPLEMENTARES: UMA REVIS\u00c3O DA LITERATURA (Revista Sa\u00fade Qu\u00e2ntica \/ vol.5 \u2013n\u00ba5\/ Jan\u2013Dez&nbsp;[ &hellip; ]<\/p>\n","protected":false},"author":3,"featured_media":0,"comment_status":"open","ping_status":"open","sticky":false,"template":"","format":"standard","meta":{"_exactmetrics_skip_tracking":false,"_exactmetrics_sitenote_active":false,"_exactmetrics_sitenote_note":"","_exactmetrics_sitenote_category":0,"footnotes":""},"categories":[1,20],"tags":[],"class_list":["post-867","post","type-post","status-publish","format-standard","hentry","category-biomagnetismo","category-desbloqueio-emocional","col-sm-6"],"_links":{"self":[{"href":"https:\/\/blog.institutoparmagnetico.com.br\/index.php?rest_route=\/wp\/v2\/posts\/867","targetHints":{"allow":["GET"]}}],"collection":[{"href":"https:\/\/blog.institutoparmagnetico.com.br\/index.php?rest_route=\/wp\/v2\/posts"}],"about":[{"href":"https:\/\/blog.institutoparmagnetico.com.br\/index.php?rest_route=\/wp\/v2\/types\/post"}],"author":[{"embeddable":true,"href":"https:\/\/blog.institutoparmagnetico.com.br\/index.php?rest_route=\/wp\/v2\/users\/3"}],"replies":[{"embeddable":true,"href":"https:\/\/blog.institutoparmagnetico.com.br\/index.php?rest_route=%2Fwp%2Fv2%2Fcomments&post=867"}],"version-history":[{"count":1,"href":"https:\/\/blog.institutoparmagnetico.com.br\/index.php?rest_route=\/wp\/v2\/posts\/867\/revisions"}],"predecessor-version":[{"id":868,"href":"https:\/\/blog.institutoparmagnetico.com.br\/index.php?rest_route=\/wp\/v2\/posts\/867\/revisions\/868"}],"wp:attachment":[{"href":"https:\/\/blog.institutoparmagnetico.com.br\/index.php?rest_route=%2Fwp%2Fv2%2Fmedia&parent=867"}],"wp:term":[{"taxonomy":"category","embeddable":true,"href":"https:\/\/blog.institutoparmagnetico.com.br\/index.php?rest_route=%2Fwp%2Fv2%2Fcategories&post=867"},{"taxonomy":"post_tag","embeddable":true,"href":"https:\/\/blog.institutoparmagnetico.com.br\/index.php?rest_route=%2Fwp%2Fv2%2Ftags&post=867"}],"curies":[{"name":"wp","href":"https:\/\/api.w.org\/{rel}","templated":true}]}}