{"id":889,"date":"2022-12-06T11:20:00","date_gmt":"2022-12-06T14:20:00","guid":{"rendered":"https:\/\/blog.institutoparmagnetico.com.br\/?p=889"},"modified":"2022-11-10T11:21:27","modified_gmt":"2022-11-10T14:21:27","slug":"voce-sabia-que-as-alergias-tendem-a-indicar-um-nivel-profundo-de-intolerancia","status":"publish","type":"post","link":"https:\/\/blog.institutoparmagnetico.com.br\/?p=889","title":{"rendered":"Voc\u00ea sabia que as alergias tendem a indicar um n\u00edvel profundo de intoler\u00e2ncia?"},"content":{"rendered":"\n<p><\/p>\n\n\n\n<p>Retiramos um trecho do livro: El Gran Diccionario de las Dolencias y Enfermidades &#8211;&nbsp; Jacques Martel<\/p>\n\n\n\n<p>Vem conferir!<\/p>\n\n\n\n<p>A alergia \u00e9 o estado de um sujeito que, por contato pr\u00e9vio com um ant\u00edgeno apropriado, adquiriu a propriedade de reagir a um segundo ataque do mesmo ant\u00edgeno, de forma diferente, muitas vezes mais violenta e incontrol\u00e1vel. Uma alergia \u00e9 uma resposta superativada do sistema imunol\u00f3gico a um ant\u00edgeno estranho.<\/p>\n\n\n\n<p>\u201cA subst\u00e2ncia alerg\u00eanica n\u00e3o causa rea\u00e7\u00e3o na maioria das pessoas, mas \u00e9 identificada pelo sistema imunol\u00f3gico como perigosa para mim.\u201d<\/p>\n\n\n\n<p>Essa resposta, fruto de uma causa interna, muitas vezes \u00e9 o meio pelo qual o corpo me diz que estou vivenciando um estado de agressividade e hostilidade em rela\u00e7\u00e3o a uma pessoa ou a qualquer situa\u00e7\u00e3o, dependendo da interpreta\u00e7\u00e3o mental do que vivo de t\u00e3o especial.<\/p>\n\n\n\n<p>As alergias (incluindo a febre do feno) s\u00e3o semelhantes \u00e0 asma, mas a rea\u00e7\u00e3o ocorre mais ao n\u00edvel dos olhos, nariz e garganta do que nos pulm\u00f5es ou no peito.<\/p>\n\n\n\n<p>A que sou al\u00e9rgico? O que \u00e9 que me super-ativa tanto? O que realmente causa irrita\u00e7\u00e3o e a forte resposta emocional do meu corpo (querer assoar o nariz, lacrimejamento dos olhos, vontade de chorar)? S\u00e3o todas as respostas do sistema emocional, a libera\u00e7\u00e3o de emo\u00e7\u00f5es reprimidas por uma rea\u00e7\u00e3o do meu Corpo. Ele reage a algo, uma esp\u00e9cie de s\u00edmbolo mental, porque tenta ignorar o que te incomoda. Ent\u00e3o eu rejeito uma parte de mim que me ataca. \u00c9 o meio que uso para expressar minhas emo\u00e7\u00f5es, para expulsar o bandido! Nada pode deter por enquanto essa rea\u00e7\u00e3o de rejei\u00e7\u00e3o, e isso n\u00e3o \u00e9 racional porque faz parte do campo do instinto e do inconsciente.<\/p>\n\n\n\n<p>&nbsp;\u00c9 como se houvesse algo fora de contexto aqui, um inimigo incomodando minhas barreiras de prote\u00e7\u00e3o. Esse inimigo toma o poder, meu poder de ser e fazer, e isso me impressiona. Fico impressionado com o poder dos outros em detrimento do meu. Sinto-me amea\u00e7ado por um certo medo inconsciente de que me recuso a viver. As alergias tendem, assim, a indicar um n\u00edvel profundo de intoler\u00e2ncia, talvez o medo de ter que participar plenamente da vida, de me libertar de todas as muletas emocionais que me sustentam e que me permitiriam viver de forma auto-suficiente. Talvez eu tenha dificuldade em discernir, escolher, tomar o lugar que me corresponde. A caracter\u00edstica da pessoa al\u00e9rgica \u00e9 muitas vezes a sensa\u00e7\u00e3o de n\u00e3o estar bem! Quero atrair e ter a aten\u00e7\u00e3o, simpatia e apoio dos outros. Eu uso a alergia para ter amor? \u00c9 poss\u00edvel. De qualquer forma, uma coisa \u00e9 certa: tenho alergia porque rejeito uma parte de mim e minha luta inconsciente \u00e9 grande. \u00c9 minha resist\u00eancia, minha maneira de dizer n\u00e3o. Eu tenho o poder de decidir o que \u00e9 conveniente para mim em meu pr\u00f3prio universo.<\/p>\n\n\n\n<p>Os indiv\u00edduos podem ser al\u00e9rgicos a todos os tipos de coisas; comida, objetos, formas, cheiros. Tudo o que, de perto ou de longe, envolve os cinco sentidos (principalmente o olfato, que \u00e9 o sentido mais poderoso do ponto de vista da mem\u00f3ria).<\/p>\n\n\n\n<p>Minha mente registra uma infinidade de sentimentos bons ou ruins para mim. \u00c9 muito poss\u00edvel que, se sou al\u00e9rgico a alguma coisa, seja que meu mental a tenha associado a uma certa mem\u00f3ria boa ou ruim e que meu instinto a rejeite neste momento. A alergia aparece frequentemente ap\u00f3s um evento em que me senti separado de uma coisa, um animal, uma pessoa. Quando eu reviver uma situa\u00e7\u00e3o que me lembre desse acontecimento triste e doloroso para mim, terei essa alergia porque, em algum lugar, meu corpo (meus sentidos) lembra de tudo e tudo fica registrado nas minhas c\u00e9lulas. Se a situa\u00e7\u00e3o vivida \u00e9 acompanhada de grande ang\u00fastia, s\u00e3o os seios da face que ser\u00e3o afetados (resfriado, espirros). Se predominar o medo, a minha alergia ir\u00e1 expressar-se mais atrav\u00e9s da tosse (dificuldade em respirar) e se for antes a pr\u00f3pria separa\u00e7\u00e3o que experimentei com dificuldade, as rea\u00e7\u00f5es al\u00e9rgicas ser\u00e3o mais encontradas ao n\u00edvel da pele (eczema, urtic\u00e1ria, dermatite, etc.<\/p>\n\n\n\n<p>A alergia a um alimento (por exemplo: a\u00e7\u00facar, gl\u00faten, leite) est\u00e1 ligada a uma experi\u00eancia em que, sendo colocado em uma situa\u00e7\u00e3o em que tive que dizer n\u00e3o ao que mais gostei, segue-se a frustra\u00e7\u00e3o e me torno al\u00e9rgico para isso. Muitas vezes \u00e9 um medo do novo e da aventura, uma falta de confian\u00e7a na vida. Agora me sinto compelido a me privar desse tipo de alegria, pensando que a vida \u00e9 algo comum, sem desafios. O que eu quero evitar enfrentar? O que \u00e9 que me faz reagir tanto? O que \u00e9 que te assusta tanto por dentro? Existe algo de que desconfio a ponto de mant\u00ea-lo longe de mim? Parece-me que, em certos casos, minha mente faz uma associa\u00e7\u00e3o de certas situa\u00e7\u00f5es com subst\u00e2ncias por causa dos hom\u00f4nimos. Assim, se eu tivesse que deixar a ma\u00e7\u00e3 (do meu bairro) para ir trabalhar em outra cidade, me tornei al\u00e9rgico \u00e0 ma\u00e7\u00e3 (fruta). Alguns anos depois, tendo aceitado e integrado essa mudan\u00e7a, a alergia desapareceu. A seguir, damos outro exemplo: um rec\u00e9m-nascido al\u00e9rgico a \u201cpressacs\u201d (p\u00eassegos em catal\u00e3o, ou seja, uma fruta). Porque? Porque sua m\u00e3e impaciente, prestes a dar \u00e0 luz, alguns meses antes, havia dito ao seu c\u00f4njuge catal\u00e3o: \u201cVou estar na cadeia, ou vou me atrasar no hospital!\u201d Aqui, a palavra \u201cpressac\u201d \u00e9 quase hom\u00f4nima de \u201cpresa\u201d. Assim, na base da alergia, h\u00e1 sempre uma emo\u00e7\u00e3o de irritabilidade ou frustra\u00e7\u00e3o associada a um produto ou a uma situa\u00e7\u00e3o pelo que representa para me lembrar desse desconforto que devo integrar ou tomar consci\u00eancia. Come\u00e7ando a aceitar na minha vida os meus medos no n\u00edvel do meu cora\u00e7\u00e3o, o processo de integra\u00e7\u00e3o ser\u00e1 ativado e as alergias que complicam minha exist\u00eancia retornar\u00e3o ao universo transmutaras em toler\u00e2ncia e aceita\u00e7\u00e3o.<\/p>\n\n\n\n<p>\u00a0Eu preciso de paz interior e acima de tudo de amor. Eu fico aberto e tudo vai correr pelo melhor.<\/p>\n\n\n\n<p>Descubra como a t\u00e9cnica do Desbloqueio Emocional Magn\u00e9tico pode auxiliar no desbloqueio das emo\u00e7\u00f5es que est\u00e3o ligadas com as alergias!<\/p>\n\n\n\n<p><\/p>\n","protected":false},"excerpt":{"rendered":"<p>Retiramos um trecho do livro: El Gran Diccionario de las Dolencias y Enfermidades &#8211;&nbsp; Jacques Martel Vem conferir! A alergia \u00e9 o estado de um sujeito que, por contato pr\u00e9vio&nbsp;[ &hellip; ]<\/p>\n","protected":false},"author":3,"featured_media":890,"comment_status":"open","ping_status":"open","sticky":false,"template":"","format":"standard","meta":{"_exactmetrics_skip_tracking":false,"_exactmetrics_sitenote_active":false,"_exactmetrics_sitenote_note":"","_exactmetrics_sitenote_category":0,"footnotes":""},"categories":[1],"tags":[],"class_list":["post-889","post","type-post","status-publish","format-standard","has-post-thumbnail","hentry","category-biomagnetismo","col-sm-6"],"_links":{"self":[{"href":"https:\/\/blog.institutoparmagnetico.com.br\/index.php?rest_route=\/wp\/v2\/posts\/889","targetHints":{"allow":["GET"]}}],"collection":[{"href":"https:\/\/blog.institutoparmagnetico.com.br\/index.php?rest_route=\/wp\/v2\/posts"}],"about":[{"href":"https:\/\/blog.institutoparmagnetico.com.br\/index.php?rest_route=\/wp\/v2\/types\/post"}],"author":[{"embeddable":true,"href":"https:\/\/blog.institutoparmagnetico.com.br\/index.php?rest_route=\/wp\/v2\/users\/3"}],"replies":[{"embeddable":true,"href":"https:\/\/blog.institutoparmagnetico.com.br\/index.php?rest_route=%2Fwp%2Fv2%2Fcomments&post=889"}],"version-history":[{"count":1,"href":"https:\/\/blog.institutoparmagnetico.com.br\/index.php?rest_route=\/wp\/v2\/posts\/889\/revisions"}],"predecessor-version":[{"id":891,"href":"https:\/\/blog.institutoparmagnetico.com.br\/index.php?rest_route=\/wp\/v2\/posts\/889\/revisions\/891"}],"wp:featuredmedia":[{"embeddable":true,"href":"https:\/\/blog.institutoparmagnetico.com.br\/index.php?rest_route=\/wp\/v2\/media\/890"}],"wp:attachment":[{"href":"https:\/\/blog.institutoparmagnetico.com.br\/index.php?rest_route=%2Fwp%2Fv2%2Fmedia&parent=889"}],"wp:term":[{"taxonomy":"category","embeddable":true,"href":"https:\/\/blog.institutoparmagnetico.com.br\/index.php?rest_route=%2Fwp%2Fv2%2Fcategories&post=889"},{"taxonomy":"post_tag","embeddable":true,"href":"https:\/\/blog.institutoparmagnetico.com.br\/index.php?rest_route=%2Fwp%2Fv2%2Ftags&post=889"}],"curies":[{"name":"wp","href":"https:\/\/api.w.org\/{rel}","templated":true}]}}