{"id":95,"date":"2018-04-04T16:31:50","date_gmt":"2018-04-04T19:31:50","guid":{"rendered":"http:\/\/blog.parmagnetico.com.br\/?p=95"},"modified":"2021-08-18T17:15:55","modified_gmt":"2021-08-18T20:15:55","slug":"brasil-em-alerta-sarampo-voltou","status":"publish","type":"post","link":"https:\/\/blog.institutoparmagnetico.com.br\/?p=95","title":{"rendered":"Brasil em ALERTA &#8211; Sarampo voltou!"},"content":{"rendered":"<p style=\"text-align: left;\"><strong> Aten\u00e7\u00e3o Biomagnetistas!!<\/strong><\/p>\n<p>Sarampo de volta ao territ\u00f3rio brasileiro<\/p>\n<p>Biomagnetismo medicinal \u00e9 uma t\u00e9cnica muito eficiente para equil\u00edbrio do pH no local de hospedagem do v\u00edrus do sarampo<\/p>\n<p>Nota do Minist\u00e9rio da Sa\u00fade atualiza informa\u00e7\u00f5es sobre sarampo em Roraima:<\/p>\n<blockquote><p>Publicado: Quarta, 07 de Mar\u00e7o de 2018, 19h57 \u00daltima atualiza\u00e7\u00e3o em Quarta, 07 de Mar\u00e7o de 2018, 19h57<\/p>\n<p>O Minist\u00e9rio da Sa\u00fade enviou uma nota informativa para todas as secretarias estaduais de sa\u00fade, atualizando as informa\u00e7\u00f5es sobre a situa\u00e7\u00e3o do sarampo em Roraima. Este estado est\u00e1 recebendo um grande volume de imigrantes da Venezuela, pa\u00eds que enfrenta um surto de sarampo, principalmente no munic\u00edpio de Caroni, localizado na fronteira com o Brasil. Diante do atual cen\u00e1rio epidemiol\u00f3gico, a Secretaria de Estado da Sa\u00fade de Roraima, apoiada pelo Minist\u00e9rio da Sa\u00fade e pela Organiza\u00e7\u00e3o Pan-Americana da Sa\u00fade (OPAS), implementou uma s\u00e9rie de a\u00e7\u00f5es para evitar a transmiss\u00e3o da doen\u00e7a.<\/p><\/blockquote>\n<p style=\"text-align: left;\"><strong>-Roraima j\u00e1 possui 42 casos confirmados de sarampo e 167 est\u00e3o em investiga\u00e7\u00e3o. Dos casos confirmados 8 s\u00e3o brasileiros, 16 s\u00e3o ind\u00edgenas da etnia Warao e 18 s\u00e3o venezuelanos. At\u00e9 agora s\u00e3o 2 \u00f3bitos. A faixa et\u00e1ria \u00e9 de 3 meses a 33 anos. Os casos confirmados est\u00e3o nos munic\u00edpios de Boa Vista e Pacara\u00edma, por\u00e9m j\u00e1 existem casos suspeitos em mais 9 munic\u00edpios de Roraima. <\/strong><br \/>\n<strong>&#8211; Em Manaus j\u00e1 foram notificados 61 casos suspeitos de sarampo, destes, 4 casos confirmados e o restante em investiga\u00e7\u00e3o.<\/strong><br \/>\n<strong>&#8211; Na Argentina h\u00e1 1 caso confirmado em um beb\u00ea de 8 meses.<\/strong><br \/>\n<strong>&#8211; Na Europa desde o in\u00edcio de 2018 dezenove pa\u00edses j\u00e1 reportaram mais de 2400 casos de sarampo, sendo a Gr\u00e9cia, Rom\u00eania, Fran\u00e7a, Ucr\u00e2nia e It\u00e1lia os pa\u00edses mais afetados. S\u00e3o 6 \u00f3bitos (3 na Rom\u00eania, 2 na It\u00e1lia, 1 na Gr\u00e9cia.<\/strong><\/p>\n<p style=\"text-align: center;\"><strong>Sintomas<\/strong><\/p>\n<p>O sarampo \u00e9 uma doen\u00e7a infecciosa aguda, viral, transmiss\u00edvel, extremamente contagiosa e muito comum na inf\u00e2ncia. Os sintomas iniciais apresentados pelo doente s\u00e3o: febre acompanhada de tosse persistente, irrita\u00e7\u00e3o ocular e corrimento do nariz. Ap\u00f3s estes sintomas, geralmente h\u00e1 o aparecimento de manchas avermelhadas no rosto, que progridem em dire\u00e7\u00e3o aos p\u00e9s, com dura\u00e7\u00e3o m\u00ednima de tr\u00eas dias. Al\u00e9m disso, pode causar infec\u00e7\u00e3o nos ouvidos, pneumonia, ataques (convuls\u00f5es e olhar fixo), les\u00e3o cerebral e morte. Posteriormente, o v\u00edrus pode atingir as vias respirat\u00f3rias, causar diarr\u00e9ias e at\u00e9 infec\u00e7\u00f5es no enc\u00e9falo. Acredita-se que estas complica\u00e7\u00f5es sejam desencadeadas pelo pr\u00f3prio v\u00edrus do sarampo que, na maior parte das vezes, atinge mais gravemente os desnutridos, os rec\u00e9m-nascidos, as gestantes e as pessoas portadoras de imunodefici\u00eancias.<\/p>\n<p><img loading=\"lazy\" decoding=\"async\" class=\"wp-image-96 alignnone\" src=\"http:\/\/blog.parmagnetico.com.br\/wp-content\/uploads\/2018\/04\/2018-04-04-PHOTO-00000343.jpg\" alt=\"\" width=\"488\" height=\"292\" srcset=\"https:\/\/blog.institutoparmagnetico.com.br\/wp-content\/uploads\/2018\/04\/2018-04-04-PHOTO-00000343.jpg 1024w, https:\/\/blog.institutoparmagnetico.com.br\/wp-content\/uploads\/2018\/04\/2018-04-04-PHOTO-00000343-300x180.jpg 300w, https:\/\/blog.institutoparmagnetico.com.br\/wp-content\/uploads\/2018\/04\/2018-04-04-PHOTO-00000343-768x460.jpg 768w, https:\/\/blog.institutoparmagnetico.com.br\/wp-content\/uploads\/2018\/04\/2018-04-04-PHOTO-00000343-640x383.jpg 640w\" sizes=\"auto, (max-width: 488px) 100vw, 488px\" \/><\/p>\n<p style=\"text-align: center;\"><strong>Transmiss\u00e3o<\/strong><\/p>\n<p>A transmiss\u00e3o ocorre diretamente, de pessoa a pessoa, geralmente por tosse, espirros, fala ou respira\u00e7\u00e3o, por isso a facilidade de cont\u00e1gio da doen\u00e7a. Al\u00e9m de secre\u00e7\u00f5es respirat\u00f3rias ou da boca, tamb\u00e9m \u00e9 poss\u00edvel se contaminar atrav\u00e9s da dispers\u00e3o de got\u00edculas com part\u00edculas virais no ar, que podem perdurar por tempo relativamente longo no ambiente, especialmente em locais fechados como escolas e cl\u00ednicas. A doen\u00e7a \u00e9 transmitida na fase em que a pessoa apresenta febre alta, mal-estar, coriza, irrita\u00e7\u00e3o ocular, tosse e falta de apetite e dura at\u00e9 quatro dias ap\u00f3s o aparecimento das manchas vermelhas.<\/p>\n<p style=\"text-align: center;\"><strong>Preven\u00e7\u00e3o<\/strong><\/p>\n<p>A suscetibilidade ao v\u00edrus do sarampo \u00e9 geral e a \u00fanica forma de preven\u00e7\u00e3o \u00e9 a vacina\u00e7\u00e3o. Apenas os lactentes cujas m\u00e3es j\u00e1 tiveram sarampo ou foram vacinadas possuem, temporariamente, anticorpos transmitidos pela placenta, que conferem imunidade geralmente ao longo do primeiro ano de vida (o que pode interferir na resposta \u00e0 vacina\u00e7\u00e3o). Com o refor\u00e7o das estrat\u00e9gias de vacina\u00e7\u00e3o, vigil\u00e2ncia e demais medidas de controle que v\u00eam sendo implementadas em todo o continente americano desde o final dos anos 90, o Brasil e os demais pa\u00edses das Am\u00e9ricas v\u00eam conseguindo manter suas popula\u00e7\u00f5es livres da doen\u00e7a. Atualmente, h\u00e1 o registro de casos importados que, se n\u00e3o forem adequadamente controlados, podem resultar em surtos e epidemias. Os principais grupos de risco s\u00e3o as pessoas de seis meses a 39 anos de idade. Dentre os adultos, os trabalhadores de portos e aeroportos, hotelaria e profissionais do sexo apresentam maiores chances de contrair sarampo, devido \u00e0 maior exposi\u00e7\u00e3o a indiv\u00edduos de outros pa\u00edses que n\u00e3o adotam a mesma pol\u00edtica intensiva de controle da doen\u00e7a. As crian\u00e7as devem tomar duas doses da vacina combinada contra rub\u00e9ola, sarampo e caxumba (tr\u00edplice viral): a primeira, com um ano de idade; a segunda dose, entre quatro e seis anos. Os adolescentes, adultos (homens e mulheres) e, principalmente, no contexto atual do risco de importa\u00e7\u00e3o de casos, os pertencentes ao grupo de risco, tamb\u00e9m devem tomar a vacina tr\u00edplice viral ou dupla viral (contra sarampo e rub\u00e9ola).<\/p>\n<p>Encontre seu Biomagnetista na PAR MAGN\u00c9TICO<\/p>\n<p>Biomagnetismo Medicinal \u00e9 uma terapia complementar, n\u00e3o substitui tratamento m\u00e9dico\/medicamentoso. Este blog \u00e9 apenas um blog educativo. As informa\u00e7\u00f5es e servi\u00e7os aqui contidos n\u00e3o devem ser interpretados como um diagn\u00f3stico, tratamento, prescri\u00e7\u00e3o ou cura para a doen\u00e7a. Aqueles que buscam tratamento para uma doen\u00e7a espec\u00edfica devem consultar seu m\u00e9dico para determinar o protocolo de tratamento adequado, correto e aceito antes de usar qualquer coisa que \u00e9 divulgado nesta p\u00e1gina.<\/p>\n<p>fonte:<\/p>\n<p>portalms.saude.gov.br<\/p>\n<p>einstein.br<\/p>\n","protected":false},"excerpt":{"rendered":"<p>Aten\u00e7\u00e3o Biomagnetistas!! Sarampo de volta ao territ\u00f3rio brasileiro Biomagnetismo medicinal \u00e9 uma t\u00e9cnica muito eficiente para equil\u00edbrio do pH no local de hospedagem do v\u00edrus do sarampo Nota do Minist\u00e9rio&nbsp;[ &hellip; ]<\/p>\n","protected":false},"author":3,"featured_media":97,"comment_status":"open","ping_status":"open","sticky":false,"template":"","format":"standard","meta":{"_exactmetrics_skip_tracking":false,"_exactmetrics_sitenote_active":false,"_exactmetrics_sitenote_note":"","_exactmetrics_sitenote_category":0,"footnotes":""},"categories":[1],"tags":[24,18,29,6],"class_list":["post-95","post","type-post","status-publish","format-standard","has-post-thumbnail","hentry","category-biomagnetismo","tag-biomagnetismo","tag-biomagnetismo-brasil","tag-biomagnetismo-medicinal","tag-biomagnetismo-medico","col-sm-6"],"_links":{"self":[{"href":"https:\/\/blog.institutoparmagnetico.com.br\/index.php?rest_route=\/wp\/v2\/posts\/95","targetHints":{"allow":["GET"]}}],"collection":[{"href":"https:\/\/blog.institutoparmagnetico.com.br\/index.php?rest_route=\/wp\/v2\/posts"}],"about":[{"href":"https:\/\/blog.institutoparmagnetico.com.br\/index.php?rest_route=\/wp\/v2\/types\/post"}],"author":[{"embeddable":true,"href":"https:\/\/blog.institutoparmagnetico.com.br\/index.php?rest_route=\/wp\/v2\/users\/3"}],"replies":[{"embeddable":true,"href":"https:\/\/blog.institutoparmagnetico.com.br\/index.php?rest_route=%2Fwp%2Fv2%2Fcomments&post=95"}],"version-history":[{"count":6,"href":"https:\/\/blog.institutoparmagnetico.com.br\/index.php?rest_route=\/wp\/v2\/posts\/95\/revisions"}],"predecessor-version":[{"id":805,"href":"https:\/\/blog.institutoparmagnetico.com.br\/index.php?rest_route=\/wp\/v2\/posts\/95\/revisions\/805"}],"wp:featuredmedia":[{"embeddable":true,"href":"https:\/\/blog.institutoparmagnetico.com.br\/index.php?rest_route=\/wp\/v2\/media\/97"}],"wp:attachment":[{"href":"https:\/\/blog.institutoparmagnetico.com.br\/index.php?rest_route=%2Fwp%2Fv2%2Fmedia&parent=95"}],"wp:term":[{"taxonomy":"category","embeddable":true,"href":"https:\/\/blog.institutoparmagnetico.com.br\/index.php?rest_route=%2Fwp%2Fv2%2Fcategories&post=95"},{"taxonomy":"post_tag","embeddable":true,"href":"https:\/\/blog.institutoparmagnetico.com.br\/index.php?rest_route=%2Fwp%2Fv2%2Ftags&post=95"}],"curies":[{"name":"wp","href":"https:\/\/api.w.org\/{rel}","templated":true}]}}