{"id":989,"date":"2023-06-21T14:43:59","date_gmt":"2023-06-21T17:43:59","guid":{"rendered":"https:\/\/blog.institutoparmagnetico.com.br\/?p=989"},"modified":"2023-06-21T14:44:00","modified_gmt":"2023-06-21T17:44:00","slug":"descobrindo-as-nuances-emocoes-sentimentos-e-sensacoes-explore-a-epigenetica-bioenergetica","status":"publish","type":"post","link":"https:\/\/blog.institutoparmagnetico.com.br\/?p=989","title":{"rendered":"Descobrindo as nuances: Emo\u00e7\u00f5es, Sentimentos e Sensa\u00e7\u00f5es &#8211; Explore a Epigen\u00e9tica Bioenerg\u00e9tica"},"content":{"rendered":"<p>No caminho para o autoconhecimento e a compreens\u00e3o do funcionamento humano, nos deparamos com um intrigante questionamento: <strong>qual \u00e9 a diferen\u00e7a entre emo\u00e7\u00f5es, sentimentos e sensa\u00e7\u00f5es?<\/strong> Embora esses termos sejam frequentemente usados de forma intercambi\u00e1vel, cada um deles possui caracter\u00edsticas e impactos distintos em nossa vida. Neste artigo, vamos explorar essa tem\u00e1tica fascinante, ao mesmo tempo em que convidamos voc\u00ea a conhecer o Curso de Epigen\u00e9tica Bioenerg\u00e9tica.<\/p>\n<p><strong>Emo\u00e7\u00f5es:<\/strong><br \/>\nAs emo\u00e7\u00f5es s\u00e3o poderosas rea\u00e7\u00f5es psicofisiol\u00f3gicas que surgem em resposta a est\u00edmulos externos ou internos. Elas s\u00e3o geralmente intensas e de curta dura\u00e7\u00e3o, com uma manifesta\u00e7\u00e3o f\u00edsica que pode ser facilmente percebida. Raiva, medo, alegria, tristeza e surpresa s\u00e3o exemplos de emo\u00e7\u00f5es comuns que todos n\u00f3s experimentamos. Elas s\u00e3o ativadas pelo nosso sistema nervoso e desempenham um papel crucial na nossa capacidade de adapta\u00e7\u00e3o e sobreviv\u00eancia. Ao compreender e gerenciar nossas emo\u00e7\u00f5es, podemos ter um maior controle sobre nossas respostas aos desafios da vida.<\/p>\n<p><strong>Sentimentos:<\/strong><br \/>\nOs sentimentos s\u00e3o mais duradouros e complexos do que as emo\u00e7\u00f5es. Eles s\u00e3o influenciados pelas emo\u00e7\u00f5es, mas t\u00eam uma natureza subjetiva e envolvem o processamento cognitivo. Sentimentos como amor, gratid\u00e3o, tristeza profunda e felicidade duradoura s\u00e3o exemplos de experi\u00eancias que transcendem a intensidade moment\u00e2nea das emo\u00e7\u00f5es. Os sentimentos podem ser moldados por nossas experi\u00eancias, mem\u00f3rias e cren\u00e7as, e desempenham um papel importante na nossa percep\u00e7\u00e3o do mundo e nas rela\u00e7\u00f5es interpessoais.<\/p>\n<p><strong>Sensa\u00e7\u00f5es:<\/strong><br \/>\nAs sensa\u00e7\u00f5es referem-se \u00e0s percep\u00e7\u00f5es f\u00edsicas e fisiol\u00f3gicas que experimentamos em nosso corpo. Elas podem estar relacionadas a est\u00edmulos sensoriais, como o toque, a temperatura, a dor ou at\u00e9 mesmo as sensa\u00e7\u00f5es internas, como fome e sede. As sensa\u00e7\u00f5es s\u00e3o informa\u00e7\u00f5es que nosso corpo recebe do ambiente e do interior, e s\u00e3o processadas pelo sistema nervoso. Elas desempenham um papel fundamental na nossa capacidade de interagir com o mundo ao nosso redor e nos ajudam a regular nossas necessidades b\u00e1sicas.<\/p>\n<p><strong>Curso de Epigen\u00e9tica Bioenerg\u00e9tica:<\/strong><br \/>\nAgora que entendemos um pouco mais sobre as diferen\u00e7as entre emo\u00e7\u00f5es, sentimentos e sensa\u00e7\u00f5es, convidamos voc\u00ea a se aprofundar nesses conhecimentos por meio do Curso de Epigen\u00e9tica Bioenerg\u00e9tica oferecido pelo renomado Instituto Par Magn\u00e9tico. Esta t\u00e9cnica \u00e9 uma terapia integrativa complementar que estimula a regula\u00e7\u00e3o dos mecanismos que atuam sobre o estresse cr\u00f4nico, permitindo uma maior compreens\u00e3o de como os fatores epigen\u00e9ticos e bioenerg\u00e9ticos podem influenciar nossa sa\u00fade e bem-estar.<\/p>\n<p>A Epigen\u00e9tica Bioenerg\u00e9tica \u00e9 uma \u00e1rea fascinante que explora como os comportamentos, o ambiente e as viv\u00eancias emocionais traum\u00e1ticas podem causar mudan\u00e7as epigen\u00e9ticas que afetam a maneira como os genes funcionam. Ao compreendermos esses processos, somos capazes de desvendar as ra\u00edzes de doen\u00e7as heredit\u00e1rias e epigen\u00e9ticas e buscar t\u00e9cnicas bioenerg\u00e9ticas para estimular o organismo no tratamento. O curso aborda t\u00f3picos como metila\u00e7\u00e3o de DNA, modifica\u00e7\u00e3o de histona, RNA n\u00e3o codificante e muito mais.<\/p>\n<p>A epigen\u00e9tica refere-se \u00e0s mudan\u00e7as no funcionamento dos genes que n\u00e3o envolvem altera\u00e7\u00f5es na sequ\u00eancia de DNA. Em vez disso, as altera\u00e7\u00f5es epigen\u00e9ticas afetam a express\u00e3o dos genes, ou seja, se um gene \u00e9 ativado ou desativado. Essas altera\u00e7\u00f5es podem ocorrer em resposta a fatores ambientais, comportamentais e emocionais, e t\u00eam a capacidade de influenciar a sa\u00fade e o bem-estar.<\/p>\n<p>A bioenerg\u00e9tica \u00e9 um campo que estuda a energia vital ou energia bioel\u00e9trica presente nos organismos vivos. Acredita-se que essa energia seja respons\u00e1vel pela regula\u00e7\u00e3o dos processos biol\u00f3gicos e pelo equil\u00edbrio do corpo. A bioenerg\u00e9tica est\u00e1 relacionada a v\u00e1rias abordagens terap\u00eauticas, que buscam estimular e equilibrar a energia vital para promover a sa\u00fade e o bem-estar.<\/p>\n<p>A Epigen\u00e9tica Bioenerg\u00e9tica explora a intera\u00e7\u00e3o entre esses dois campos, investigando como as experi\u00eancias de vida, incluindo os eventos traum\u00e1ticos, podem levar a mudan\u00e7as epigen\u00e9ticas que afetam a express\u00e3o dos genes. Essas mudan\u00e7as podem ser transmitidas de gera\u00e7\u00e3o em gera\u00e7\u00e3o, resultando em padr\u00f5es heredit\u00e1rios de doen\u00e7as e dist\u00farbios.<\/p>\n<p>Ao compreendermos os mecanismos pelos quais os fatores ambientais e emocionais afetam a express\u00e3o dos genes, podemos come\u00e7ar a desvendar as ra\u00edzes das doen\u00e7as heredit\u00e1rias e epigen\u00e9ticas. Essa compreens\u00e3o pode ajudar a identificar alvos terap\u00eauticos para o desenvolvimento de tratamentos mais eficazes.<\/p>\n<p>Al\u00e9m disso, a Epigen\u00e9tica Bioenerg\u00e9tica tamb\u00e9m busca t\u00e9cnicas bioenerg\u00e9ticas para estimular o organismo no tratamento de doen\u00e7as. Essas t\u00e9cnicas podem envolver a aplica\u00e7\u00e3o de est\u00edmulos bioenerg\u00e9ticos, para ajudar a restaurar o equil\u00edbrio da energia vital e promover a sa\u00fade. Essas abordagens terap\u00eauticas podem complementar os tratamentos convencionais e fornecer uma abordagem mais hol\u00edstica para o cuidado de sa\u00fade.<\/p>\n<p>\u00c9 importante ressaltar que a Epigen\u00e9tica Bioenerg\u00e9tica \u00e9 um campo de estudo em desenvolvimento e ainda h\u00e1 muito a ser explorado e compreendido. No entanto, as pesquisas e descobertas nessa \u00e1rea abrem caminho para novas perspectivas sobre as doen\u00e7as e oferecem possibilidades promissoras para interven\u00e7\u00f5es terap\u00eauticas mais efetivas e personalizadas no futuro.<\/p>\n<p>As inscri\u00e7\u00f5es para o Curso de Epigen\u00e9tica Bioenerg\u00e9tica j\u00e1 est\u00e3o abertas, mas as vagas s\u00e3o limitadas. N\u00e3o perca a oportunidade de expandir seu conhecimento e se capacitar nessa \u00e1rea promissora. Para mais informa\u00e7\u00f5es e para garantir sua vaga,<a href=\"https:\/\/institutoparmagnetico.com.br\/detalhes_curso\/8\/epigenetica-bioenergetica\"> acesse o site do Instituto Par Magn\u00e9tico<\/a>. Explore os segredos do nosso corpo e mente, e descubra como a epigen\u00e9tica e a bioenerg\u00e9tica podem transformar sua jornada rumo a uma vida plena e saud\u00e1vel.<\/p>\n<p>N\u00e3o perca essa oportunidade \u00fanica de se aprofundar nesse campo inovador e abrir novos horizontes em seu percurso pessoal e profissional. Inscreva-se agora e embarque nessa jornada transformadora junto ao Instituto Par Magn\u00e9tico!<\/p>\n<div class=\"linhaItemDestaque\">\n<div class=\"iconeLATDestaque\"><img loading=\"lazy\" decoding=\"async\" class=\"alignleft\" title=\"DATA\" src=\"https:\/\/institutoparmagnetico.com.br\/img\/?img=65455370163769527075b99.83133352.png\/250-250\/adaptar\" alt=\"DATA\" width=\"82\" height=\"82\"><\/div>\n<div class=\"informacoesLATDestaque\">\n<div class=\"labelDestaque\"><strong>DATA<\/strong><\/div>\n<div class=\"labelTextoDestaque\">22 , 23 , 29 e 30 de julho de 2023<\/div>\n<\/div>\n<\/div>\n<div><\/div>\n<div class=\"linhaItemDestaque\">\n<div class=\"iconeLATDestaque\"><img loading=\"lazy\" decoding=\"async\" class=\"alignleft\" title=\"DURA\u00c7\u00c3O\" src=\"https:\/\/institutoparmagnetico.com.br\/img\/?img=139722083363769538717b51.05706600.png\/250-250\/adaptar\" alt=\"DURA\u00c7\u00c3O\" width=\"92\" height=\"92\"><\/div>\n<div class=\"informacoesLATDestaque\">\n<div class=\"labelDestaque\"><strong>DURA\u00c7\u00c3O<\/strong><\/div>\n<div class=\"labelTextoDestaque\">36 horas aula<\/div>\n<div class=\"informacoesTexto\">8h \u00e0s 12h | 14h \u00e0s 19h<\/div>\n<\/div>\n<\/div>\n<div class=\"linhaItemDestaque\">\n<div class=\"iconeLATDestaque\"><img loading=\"lazy\" decoding=\"async\" class=\"alignleft\" title=\"MODALIDADE\" src=\"https:\/\/institutoparmagnetico.com.br\/img\/?img=7646785156376954377af43.90911680.png\/250-250\/adaptar\" alt=\"MODALIDADE\" width=\"86\" height=\"86\"><\/div>\n<div class=\"informacoesLATDestaque\">\n<div class=\"labelDestaque\"><strong>MODALIDADE<\/strong><\/div>\n<div class=\"labelTextoDestaque\">ONLINE | AO VIVO<\/div>\n<\/div>\n<\/div>\n<div class=\"linhaItemDestaque\">\n<div class=\"iconeLATDestaque\"><img loading=\"lazy\" decoding=\"async\" class=\"alignleft\" title=\"INCLUSO\" src=\"https:\/\/institutoparmagnetico.com.br\/img\/?img=68036699963769b975ff695.51724021.png\/250-250\/adaptar\" alt=\"INCLUSO\" width=\"91\" height=\"91\"><\/div>\n<div class=\"informacoesLATDestaque\">\n<div class=\"labelDestaque\"><strong>INCLUSO<\/strong><\/div>\n<div class=\"labelTextoDestaque\">Apostila Impressa<\/div>\n<div class=\"informacoesTexto\">enviada via correios<\/div>\n<\/div>\n<\/div>\n<div class=\"linhaItemDestaque\">\n<div class=\"iconeLATDestaque\"><img loading=\"lazy\" decoding=\"async\" class=\"alignleft\" title=\"EDUCA\u00c7\u00c3O CONTINUADA\" src=\"https:\/\/institutoparmagnetico.com.br\/img\/?img=20161474863769bc24968d7.39989561.png\/250-250\/adaptar\" alt=\"EDUCA\u00c7\u00c3O CONTINUADA\" width=\"100\" height=\"100\"><\/div>\n<div class=\"informacoesLATDestaque\">\n<div class=\"labelDestaque\"><strong>EDUCA\u00c7\u00c3O CONTINUADA<\/strong><\/div>\n<div class=\"labelTextoDestaque\">Grupo exclusivo para os Vagalumes<\/div>\n<div class=\"informacoesTexto\"><\/div>\n<\/div>\n<\/div>\n<div class=\"linhaItemDestaque\">\n<div class=\"iconeLATDestaque\"><img loading=\"lazy\" decoding=\"async\" class=\"alignleft\" title=\"REQUISITOS\" src=\"https:\/\/institutoparmagnetico.com.br\/img\/?img=72095451763769c79514522.87706373.png\/250-250\/adaptar\" alt=\"REQUISITOS\" width=\"109\" height=\"109\"><\/div>\n<div class=\"informacoesLATDestaque\">\n<div class=\"labelDestaque\"><strong>REQUISITOS<\/strong><\/div>\n<div class=\"labelTextoDestaque\">Ser BIOMAGNETISTA<\/div>\n<\/div>\n<\/div>\n","protected":false},"excerpt":{"rendered":"<p>No caminho para o autoconhecimento e a compreens\u00e3o do funcionamento humano, nos deparamos com um intrigante questionamento: qual \u00e9 a diferen\u00e7a entre emo\u00e7\u00f5es, sentimentos e sensa\u00e7\u00f5es? Embora esses termos sejam&nbsp;[ &hellip; ]<\/p>\n","protected":false},"author":3,"featured_media":990,"comment_status":"open","ping_status":"open","sticky":false,"template":"","format":"standard","meta":{"_exactmetrics_skip_tracking":false,"_exactmetrics_sitenote_active":false,"_exactmetrics_sitenote_note":"","_exactmetrics_sitenote_category":0,"footnotes":""},"categories":[59],"tags":[],"class_list":["post-989","post","type-post","status-publish","format-standard","has-post-thumbnail","hentry","category-blog","col-sm-6"],"_links":{"self":[{"href":"https:\/\/blog.institutoparmagnetico.com.br\/index.php?rest_route=\/wp\/v2\/posts\/989","targetHints":{"allow":["GET"]}}],"collection":[{"href":"https:\/\/blog.institutoparmagnetico.com.br\/index.php?rest_route=\/wp\/v2\/posts"}],"about":[{"href":"https:\/\/blog.institutoparmagnetico.com.br\/index.php?rest_route=\/wp\/v2\/types\/post"}],"author":[{"embeddable":true,"href":"https:\/\/blog.institutoparmagnetico.com.br\/index.php?rest_route=\/wp\/v2\/users\/3"}],"replies":[{"embeddable":true,"href":"https:\/\/blog.institutoparmagnetico.com.br\/index.php?rest_route=%2Fwp%2Fv2%2Fcomments&post=989"}],"version-history":[{"count":2,"href":"https:\/\/blog.institutoparmagnetico.com.br\/index.php?rest_route=\/wp\/v2\/posts\/989\/revisions"}],"predecessor-version":[{"id":997,"href":"https:\/\/blog.institutoparmagnetico.com.br\/index.php?rest_route=\/wp\/v2\/posts\/989\/revisions\/997"}],"wp:featuredmedia":[{"embeddable":true,"href":"https:\/\/blog.institutoparmagnetico.com.br\/index.php?rest_route=\/wp\/v2\/media\/990"}],"wp:attachment":[{"href":"https:\/\/blog.institutoparmagnetico.com.br\/index.php?rest_route=%2Fwp%2Fv2%2Fmedia&parent=989"}],"wp:term":[{"taxonomy":"category","embeddable":true,"href":"https:\/\/blog.institutoparmagnetico.com.br\/index.php?rest_route=%2Fwp%2Fv2%2Fcategories&post=989"},{"taxonomy":"post_tag","embeddable":true,"href":"https:\/\/blog.institutoparmagnetico.com.br\/index.php?rest_route=%2Fwp%2Fv2%2Ftags&post=989"}],"curies":[{"name":"wp","href":"https:\/\/api.w.org\/{rel}","templated":true}]}}