{"id":993,"date":"2023-07-02T13:22:32","date_gmt":"2023-07-02T16:22:32","guid":{"rendered":"https:\/\/blog.institutoparmagnetico.com.br\/?p=993"},"modified":"2023-07-19T12:10:41","modified_gmt":"2023-07-19T15:10:41","slug":"onde-as-emocoes-se-aprisionam","status":"publish","type":"post","link":"https:\/\/blog.institutoparmagnetico.com.br\/?p=993","title":{"rendered":"Onde as emo\u00e7\u00f5es se aprisionam?"},"content":{"rendered":"<p>A ideia de que os tecidos podem possuir algum tipo de mem\u00f3ria \u00e9 um tema que desperta o assombro de alguns e interesse de muitos, exigindo pesquisa e explora\u00e7\u00e3o cl\u00ednica.<\/p>\n<p>Muitas pr\u00e1ticas cl\u00ednicas como a quiropraxia, cinesiologia funcional, microfisioterapia ou as pr\u00e1ticas integrativas como Desbloqueio Emocional Magn\u00e9tico &#8211; DEM e a hipnose cl\u00ednica experimentaram fen\u00f4menos que podem ser interpretados como representando uma libera\u00e7\u00e3o de tra\u00e7os de mem\u00f3ria de eventos traum\u00e1ticos ou sentimentos doloridos ao trabalhar em tecidos disfuncionais ou campo energ\u00e9tico alterados.<\/p>\n<p>Em alguns casos, as primeiras experi\u00eancias traum\u00e1ticas podem ser lembradas e a pot\u00eancia da mem\u00f3ria pode ser apagada ou aliviada, juntamente com a restaura\u00e7\u00e3o da fun\u00e7\u00e3o dos tecidos e campos energ\u00e9ticos afetados.<\/p>\n<p>Da\u00ed as perguntas: as mem\u00f3rias podem ser mantidas nas f\u00e1scia musculares? Podem estar aprisionados nos \u00f3rg\u00e3os ou tecidos?<\/p>\n<p>E: essas mem\u00f3rias s\u00e3o acess\u00edveis?<\/p>\n<p>Nas \u00faltimas d\u00e9cadas, muitas das pesquisas cient\u00edficas que tentaram desvendar o funcionamento do corpo humano concentraram-se em estudar tr\u00eas sistemas principais: o genoma, o proteoma e o microbioma.<br \/>\nO genoma \u00e9 a sequ\u00eancia de DNA que todo organismo possui e cont\u00e9m sua informa\u00e7\u00e3o gen\u00e9tica completa. J\u00e1 o proteoma \u00e9 o conjunto de prote\u00ednas fabricadas pelos genes \u2013 os \u201ctijolos essenciais\u201d da vida. E o microbioma \u00e9 o ecossistema de micro-organismos que vivem no corpo e s\u00e3o fundamentais para a sa\u00fade.<\/p>\n<p>Come\u00e7a agora a aumentar o interesse por outro sistema que \u00e9 fundamental para a vida, n\u00e3o s\u00f3 dos seres humanos, mas tamb\u00e9m das plantas e de outros animais: a rede bioel\u00e9trica que faz os organismos funcionarem. Alguns cientistas come\u00e7aram a cham\u00e1-la de \u201celectroma\u201d.<\/p>\n<p>A pesquisa moderna prop\u00f4s uma variedade de interpreta\u00e7\u00f5es diferentes sobre como a mem\u00f3ria pode ser armazenada em tecidos moles, possivelmente envolvendo outras formas de armazenamento de informa\u00e7\u00f5es n\u00e3o processadas exclusivamente neurologicamente fundamentando ainda mais o que os profissionais da sa\u00fade j\u00e1 observam em sua pr\u00e1tica cl\u00ednica.<\/p>\n<p>Tozzi e colaboradores (2014) levantaram uma hip\u00f3tese a partir da an\u00e1lise de v\u00e1rios outros pesquisadores e chegaram \u00e0 conclus\u00e3o que h\u00e1 evid\u00eancias crescentes de que organismos podem se comunicar entre c\u00e9lulas e tecidos por radia\u00e7\u00f5es eletromagn\u00e9ticas, f\u00f4nons e f\u00f3tons.<\/p>\n<p>Acredita-se que os biof\u00f3tons sejam emitidos de um campo de f\u00f3tons coerente dentro do sistema vivo (Popp et al., 1992) que pode funcionar como um campo de armazenamento de energia (e possivelmente como mem\u00f3ria). Parece ent\u00e3o que a matriz corporal, como um sistema f\u00edsico e energ\u00e9tico cont\u00ednuo, \u00e9 capaz de conduzir unidades de mensagens na forma de el\u00e9trons, vibra\u00e7\u00f5es, pr\u00f3tons, f\u00f3tons, f\u00f4nons.<\/p>\n<p>A rede informacional distribui sinais regulat\u00f3rios por todo o corpo, coordenando as atividades celulares e extracelulares envolvidas no crescimento, morfog\u00eanese e regenera\u00e7\u00e3o (Ho et al., 1994).<\/p>\n<p>Uma possibilidade ainda mais interessante \u00e9 que o cont\u00ednuo cristalino l\u00edquido possa funcionar como um meio hologr\u00e1fico qu\u00e2ntico, registrando os padr\u00f5es de interfer\u00eancia de atividades locais interagindo com um campo globalmente coerente. A mem\u00f3ria hologr\u00e1fica \u00e9 distribu\u00edda globalmente e ainda pode ser acessada e recuperada localmente. Possivelmente durante o trabalho corporal, a intera\u00e7\u00e3o de campos vibracionais, biomagn\u00e9ticos e bioel\u00e9tricos entre terapeuta e cliente pode permitir uma troca de informa\u00e7\u00f5es sobre a hist\u00f3ria e o estado atual da matriz viva (Oschman e Oschman, 1994).<\/p>\n<p>As informa\u00e7\u00f5es codificadas em a estrutura e a atividade das c\u00e9lulfas e tecidos podem ser lidas holograficamente, sintonizando as frequ\u00eancias apropriadas. Isso pode at\u00e9 levar a uma lembran\u00e7a de traumas passados e de uma s\u00e9rie de sensa\u00e7\u00f5es relacionadas. O resultado pode ser a restaura\u00e7\u00e3o, balanceamento e ajuste de circuitos vibrat\u00f3rios ressonantes.<\/p>\n<p>Deste modo sugere-se a possibilidade de que a terapia manual possa afetar v\u00e1rias formas de mem\u00f3ria, produzindo profundas altera\u00e7\u00f5es teciduais de efeitos subat\u00f4micos a globais (Tozzi te al., 2014).<\/p>\n<p>Refer\u00eancia:<br \/>\n<a href=\"https:\/\/www.sciencedirect.com\/science\/article\/abs\/pii\/S1360859213001927\">https:\/\/www.sciencedirect.com\/science\/article\/abs\/pii\/S1360859213001927<\/a><br \/>\n<a href=\"https:\/\/www.nytimes.com\/2023\/02\/28\/books\/review\/we-are-electric-sally-adee.html?smid=url-share\">https:\/\/www.nytimes.com\/2023\/02\/28\/books\/review\/we-are-electric-sally-adee.html?smid=url-share<\/a><\/p>\n","protected":false},"excerpt":{"rendered":"<p>A ideia de que os tecidos podem possuir algum tipo de mem\u00f3ria \u00e9 um tema que desperta o assombro de alguns e interesse de muitos, exigindo pesquisa e explora\u00e7\u00e3o cl\u00ednica.&nbsp;[ &hellip; ]<\/p>\n","protected":false},"author":3,"featured_media":999,"comment_status":"open","ping_status":"open","sticky":false,"template":"","format":"standard","meta":{"_exactmetrics_skip_tracking":false,"_exactmetrics_sitenote_active":false,"_exactmetrics_sitenote_note":"","_exactmetrics_sitenote_category":0,"footnotes":""},"categories":[1],"tags":[35,34],"class_list":["post-993","post","type-post","status-publish","format-standard","has-post-thumbnail","hentry","category-biomagnetismo","tag-dem","tag-desbloqueio-emocional-magnetico","col-sm-6"],"_links":{"self":[{"href":"https:\/\/blog.institutoparmagnetico.com.br\/index.php?rest_route=\/wp\/v2\/posts\/993","targetHints":{"allow":["GET"]}}],"collection":[{"href":"https:\/\/blog.institutoparmagnetico.com.br\/index.php?rest_route=\/wp\/v2\/posts"}],"about":[{"href":"https:\/\/blog.institutoparmagnetico.com.br\/index.php?rest_route=\/wp\/v2\/types\/post"}],"author":[{"embeddable":true,"href":"https:\/\/blog.institutoparmagnetico.com.br\/index.php?rest_route=\/wp\/v2\/users\/3"}],"replies":[{"embeddable":true,"href":"https:\/\/blog.institutoparmagnetico.com.br\/index.php?rest_route=%2Fwp%2Fv2%2Fcomments&post=993"}],"version-history":[{"count":2,"href":"https:\/\/blog.institutoparmagnetico.com.br\/index.php?rest_route=\/wp\/v2\/posts\/993\/revisions"}],"predecessor-version":[{"id":1004,"href":"https:\/\/blog.institutoparmagnetico.com.br\/index.php?rest_route=\/wp\/v2\/posts\/993\/revisions\/1004"}],"wp:featuredmedia":[{"embeddable":true,"href":"https:\/\/blog.institutoparmagnetico.com.br\/index.php?rest_route=\/wp\/v2\/media\/999"}],"wp:attachment":[{"href":"https:\/\/blog.institutoparmagnetico.com.br\/index.php?rest_route=%2Fwp%2Fv2%2Fmedia&parent=993"}],"wp:term":[{"taxonomy":"category","embeddable":true,"href":"https:\/\/blog.institutoparmagnetico.com.br\/index.php?rest_route=%2Fwp%2Fv2%2Fcategories&post=993"},{"taxonomy":"post_tag","embeddable":true,"href":"https:\/\/blog.institutoparmagnetico.com.br\/index.php?rest_route=%2Fwp%2Fv2%2Ftags&post=993"}],"curies":[{"name":"wp","href":"https:\/\/api.w.org\/{rel}","templated":true}]}}